{"id":188610,"date":"2021-09-21T19:28:29","date_gmt":"2021-09-21T22:28:29","guid":{"rendered":"https:\/\/diarioregionaldigital.com.br\/?p=188610"},"modified":"2021-09-21T19:28:29","modified_gmt":"2021-09-21T22:28:29","slug":"vela-brasil-tera-campeoes-olimpicos-em-evento-teste-da-copa-do-mundo","status":"publish","type":"post","link":"https:\/\/diarioregionaldigital.com.br\/?p=188610","title":{"rendered":"Vela: Brasil ter\u00e1 campe\u00f5es ol\u00edmpicos em evento-teste da Copa do Mundo"},"content":{"rendered":"<p>A sele\u00e7\u00e3o brasileira de vela inicia nesta quarta-feira (22) os treinamentos para o evento-teste da SSL Gold Cup, considerada a Copa do Mundo da modalidade. As disputas ser\u00e3o no Lago Neuch\u00e2tel, na Su\u00ed\u00e7a, entre a pr\u00f3xima segunda-feira (27) e o dia 3 de outubro. A delega\u00e7\u00e3o nacional re\u00fane dez atletas, entre eles os bicampe\u00f5es ol\u00edmpicos Robert Scheidt (que \u00e9 o comandante da embarca\u00e7\u00e3o nacional), Martine Grael e Kahena Kunze.<img decoding=\"async\" src=\"https:\/\/agenciabrasil.ebc.com.br\/ebc.png?id=1422265&amp;o=node\" \/><img decoding=\"async\" src=\"https:\/\/agenciabrasil.ebc.com.br\/ebc.gif?id=1422265&amp;o=node\" \/><\/p>\n<p>\u201cTemos uma equipe boa no papel, que precisa velejar bem junta. O Brasil tem uma oportunidade legal de contar com esse time. Montamos uma boa tripula\u00e7\u00e3o e agora precisamos nos entrosar\u201d, disse Scheidt, maior medalhista do pa\u00eds em Olimp\u00edadas, \u00e0 assessoria da Confedera\u00e7\u00e3o Brasileira de Vela (CBVela).<\/p>\n<p>\u201cReunimos talentos de diferentes \u00e1reas, mas formar um time \u00e9 sempre um desafio. O mais importante agora \u00e9 reunir o time, dividir as fun\u00e7\u00f5es no barco. Formar a tripula\u00e7\u00e3o mesmo. Vai ser um aprendizado, pois nem todo mundo velejou nesse barco\u201d, completou o bicampe\u00e3o ol\u00edmpico, que ser\u00e1 o timoneiro da equipe.<\/p>\n<p>Al\u00e9m de Scheidt, Martine e Kahena, a tripula\u00e7\u00e3o ter\u00e1 mais dois velejadores que defenderam o pa\u00eds na Olimp\u00edada de T\u00f3quio (Jap\u00e3o): Gabriel Borges e Henrique Haddad. Completam a equipe Andr\u00e9 \u201cBochecha\u201d Fonseca (representante do Brasil em tr\u00eas edi\u00e7\u00f5es dos Jogos), Joca Signorini (campe\u00e3o da Ocean Race, mais antiga regata de volta ao mundo), Henry Boening Maguila, Alfredo Rovere e Juninho de Jesus.<\/p>\n<p>O evento-teste com participa\u00e7\u00e3o brasileira ser\u00e1 o segundo da SSL Gold Cup e ter\u00e1 barcos de Argentina, Cro\u00e1cia, Est\u00f4nia, Hungria, Israel, Om\u00e3 e Su\u00ed\u00e7a. O primeiro iniciou no \u00faltimo dia 13 e terminou no domingo (19), com vit\u00f3ria da \u00c1frica do Sul. Uma terceira disputa ocorrer\u00e1 entre 11 e 17 de outubro, com embarca\u00e7\u00f5es de Espanha, Dinamarca, Pol\u00f4nia, Su\u00e9cia, \u00c1ustria, Eslov\u00eania, Peru e S\u00e9rvia.<\/p>\n<p>A Copa do Mundo de vela ser\u00e1 realizada entre maio e junho do ano que vem, tamb\u00e9m na Su\u00ed\u00e7a. O torneio reunir\u00e1 56 equipes (uma por na\u00e7\u00e3o), que competir\u00e3o em veleiros de 47 p\u00e9s (14,30 metros de comprimento), cedidos pela organiza\u00e7\u00e3o. A ideia \u00e9 que cada barco tenha os dez melhores velejadores do respectivo pa\u00eds.<\/p>\n<p>\u201cUm campeonato entre na\u00e7\u00f5es \u00e9 muito legal. A vela finalmente ter\u00e1 o equivalente a uma Copa do Mundo de futebol. O objetivo \u00e9 fazer o barco da forma mais simples poss\u00edvel. Se colocar muita tecnologia, cria-se dificuldade para velejar. Mas n\u00e3o \u00e9 um barco f\u00e1cil, pois ter\u00e1 uma s\u00e9rie de detalhes. O que vai valer \u00e9 a capacidade de a tripula\u00e7\u00e3o manusear os cabos e ajustar as velas\u201d, destacou Bruno Prada, gerente da equipe brasileira e medalhista ol\u00edmpico nos Jogos de Pequim (China) e Londres (Reino Unido).<\/p>\n<p><span style=\"font-weight: 400;\">Fonte: Ag\u00eancia Brasil <\/span><\/p>\n","protected":false},"excerpt":{"rendered":"<p>A sele\u00e7\u00e3o brasileira de vela inicia nesta quarta-feira (22) os treinamentos para o evento-teste da SSL Gold Cup, considerada a Copa do Mundo da modalidade. As disputas ser\u00e3o no Lago Neuch\u00e2tel, na Su\u00ed\u00e7a, entre a pr\u00f3xima segunda-feira (27) e o dia 3 de outubro. A delega\u00e7\u00e3o nacional re\u00fane dez atletas, entre eles os bicampe\u00f5es ol\u00edmpicos [&hellip;]<\/p>\n","protected":false},"author":246,"featured_media":188611,"comment_status":"closed","ping_status":"closed","sticky":false,"template":"","format":"standard","meta":{"footnotes":""},"categories":[440,257],"tags":[],"class_list":["post-188610","post","type-post","status-publish","format-standard","has-post-thumbnail","hentry","category-destaques-do-dia","category-esporte"],"_links":{"self":[{"href":"https:\/\/diarioregionaldigital.com.br\/index.php?rest_route=\/wp\/v2\/posts\/188610","targetHints":{"allow":["GET"]}}],"collection":[{"href":"https:\/\/diarioregionaldigital.com.br\/index.php?rest_route=\/wp\/v2\/posts"}],"about":[{"href":"https:\/\/diarioregionaldigital.com.br\/index.php?rest_route=\/wp\/v2\/types\/post"}],"author":[{"embeddable":true,"href":"https:\/\/diarioregionaldigital.com.br\/index.php?rest_route=\/wp\/v2\/users\/246"}],"replies":[{"embeddable":true,"href":"https:\/\/diarioregionaldigital.com.br\/index.php?rest_route=%2Fwp%2Fv2%2Fcomments&post=188610"}],"version-history":[{"count":1,"href":"https:\/\/diarioregionaldigital.com.br\/index.php?rest_route=\/wp\/v2\/posts\/188610\/revisions"}],"predecessor-version":[{"id":188612,"href":"https:\/\/diarioregionaldigital.com.br\/index.php?rest_route=\/wp\/v2\/posts\/188610\/revisions\/188612"}],"wp:featuredmedia":[{"embeddable":true,"href":"https:\/\/diarioregionaldigital.com.br\/index.php?rest_route=\/wp\/v2\/media\/188611"}],"wp:attachment":[{"href":"https:\/\/diarioregionaldigital.com.br\/index.php?rest_route=%2Fwp%2Fv2%2Fmedia&parent=188610"}],"wp:term":[{"taxonomy":"category","embeddable":true,"href":"https:\/\/diarioregionaldigital.com.br\/index.php?rest_route=%2Fwp%2Fv2%2Fcategories&post=188610"},{"taxonomy":"post_tag","embeddable":true,"href":"https:\/\/diarioregionaldigital.com.br\/index.php?rest_route=%2Fwp%2Fv2%2Ftags&post=188610"}],"curies":[{"name":"wp","href":"https:\/\/api.w.org\/{rel}","templated":true}]}}