{"id":188607,"date":"2021-09-21T19:21:55","date_gmt":"2021-09-21T22:21:55","guid":{"rendered":"https:\/\/diarioregionaldigital.com.br\/?p=188607"},"modified":"2021-09-21T19:21:55","modified_gmt":"2021-09-21T22:21:55","slug":"governo-publica-edital-para-plano-estadual-de-mineracao","status":"publish","type":"post","link":"https:\/\/diarioregionaldigital.com.br\/?p=188607","title":{"rendered":"Governo publica edital para Plano Estadual de Minera\u00e7\u00e3o"},"content":{"rendered":"<p>A\u00a0<a href=\"http:\/\/www.desenvolvimento.mg.gov.br\/\" target=\"_blank\" rel=\"noopener\">Secretaria de Estado de Desenvolvimento Econ\u00f4mico (Sede)<\/a>\u00a0tornou p\u00fablico o edital para empresas interessadas na elabora\u00e7\u00e3o do Plano Estadual de Minera\u00e7\u00e3o (PEM). A data limite para protocolar os envelopes de habilita\u00e7\u00e3o, proposta t\u00e9cnica e proposta comercial \u00e9 6\/10, \u00e0s 16h, com a abertura da documenta\u00e7\u00e3o marcada para o dia seguinte (7\/10), \u00e0s 10h, no oitavo andar do Edif\u00edcio Gerais, na Cidade Administrativa.<\/p>\n<p>O Plano Estadual de Minera\u00e7\u00e3o tem o objetivo de orientar as a\u00e7\u00f5es de longo prazo para a promo\u00e7\u00e3o de atividade miner\u00e1ria competitiva e sustent\u00e1vel em Minas Gerais, produzindo cada vez mais valor para os mineiros.<\/p>\n<p>O PEM contemplar\u00e1, em seu escopo, outros temas relacionados ao setor no estado, como as cadeias produtivas minerais, os desafios que a minera\u00e7\u00e3o enfrenta atualmente, condicionantes e cen\u00e1rios futuros. Al\u00e9m disso, o plano ir\u00e1 propor pol\u00edticas p\u00fablicas, incluindo a\u00e7\u00f5es e iniciativas estrat\u00e9gicas que coordenar\u00e3o os esfor\u00e7os do setor p\u00fablico e privado para o desenvolvimento da minera\u00e7\u00e3o para os pr\u00f3ximos 20 anos.<\/p>\n<p><strong>Ineditismo e mais transpar\u00eancia<\/strong><\/p>\n<p>O PEM ser\u00e1 um instrumento capaz de fortalecer e contribuir para a revitaliza\u00e7\u00e3o do setor mineral em Minas Gerais, tornando o estado mais competitivo e consolidando sua posi\u00e7\u00e3o como relevante player nacional e internacional no mercado de minera\u00e7\u00e3o. A iniciativa, in\u00e9dita no contexto hist\u00f3rico-pol\u00edtico do\u00a0<a href=\"https:\/\/www.mg.gov.br\/\" target=\"_blank\" rel=\"noopener\">Governo de Minas<\/a>, mostra que \u00e9 poss\u00edvel enfrentar grandes desafios, socioecon\u00f4micos e ambientais, de maneira transparente, utilizando as melhores pr\u00e1ticas para a gest\u00e3o da pol\u00edtica miner\u00e1ria.<\/p>\n<p>Para o superintendente de Pol\u00edtica Miner\u00e1ria, Energ\u00e9tica e Log\u00edstica da Sede, Marcelo Ladeira, &#8220;o plano vai trazer uma perspectiva de longo prazo. Quest\u00f5es complexas ser\u00e3o abordadas, entre as quais esgotamento de jazidas mineiras, alternativas econ\u00f4micas para munic\u00edpios dependentes da minera\u00e7\u00e3o, meio ambiente e novas fronteiras da minera\u00e7\u00e3o no estado como l\u00edtio, n\u00edquel, elementos de terras raras e grafita, entre outros minerais estrat\u00e9gicos, que s\u00e3o essenciais \u00e0 transi\u00e7\u00e3o energ\u00e9tica para uma economia de baixo carbono&#8221;.<\/p>\n<p><strong>Lances<\/strong><\/p>\n<p>A sess\u00e3o de lances ocorrer\u00e1 no endere\u00e7o que consta no edital (Processo de Compras n\u00ba 004\/2021 \u2013 Concorr\u00eancia n\u00ba 02\/2021) e os interessados poder\u00e3o acess\u00e1-lo no site:\u00a0<a href=\"http:\/\/www.compras.mg.gov.br\/\" target=\"_blank\" rel=\"noopener\">www.compras.mg.gov.br<\/a>.<\/p>\n<p><span style=\"font-weight: 400;\">Fonte: Ag\u00eancia Minas <\/span><\/p>\n","protected":false},"excerpt":{"rendered":"<p>A\u00a0Secretaria de Estado de Desenvolvimento Econ\u00f4mico (Sede)\u00a0tornou p\u00fablico o edital para empresas interessadas na elabora\u00e7\u00e3o do Plano Estadual de Minera\u00e7\u00e3o (PEM). A data limite para protocolar os envelopes de habilita\u00e7\u00e3o, proposta t\u00e9cnica e proposta comercial \u00e9 6\/10, \u00e0s 16h, com a abertura da documenta\u00e7\u00e3o marcada para o dia seguinte (7\/10), \u00e0s 10h, no oitavo andar [&hellip;]<\/p>\n","protected":false},"author":246,"featured_media":188608,"comment_status":"closed","ping_status":"closed","sticky":false,"template":"","format":"standard","meta":{"footnotes":""},"categories":[436,254,252],"tags":[],"class_list":["post-188607","post","type-post","status-publish","format-standard","has-post-thumbnail","hentry","category-destaque-da-semana","category-politica","category-regiao"],"_links":{"self":[{"href":"https:\/\/diarioregionaldigital.com.br\/index.php?rest_route=\/wp\/v2\/posts\/188607","targetHints":{"allow":["GET"]}}],"collection":[{"href":"https:\/\/diarioregionaldigital.com.br\/index.php?rest_route=\/wp\/v2\/posts"}],"about":[{"href":"https:\/\/diarioregionaldigital.com.br\/index.php?rest_route=\/wp\/v2\/types\/post"}],"author":[{"embeddable":true,"href":"https:\/\/diarioregionaldigital.com.br\/index.php?rest_route=\/wp\/v2\/users\/246"}],"replies":[{"embeddable":true,"href":"https:\/\/diarioregionaldigital.com.br\/index.php?rest_route=%2Fwp%2Fv2%2Fcomments&post=188607"}],"version-history":[{"count":1,"href":"https:\/\/diarioregionaldigital.com.br\/index.php?rest_route=\/wp\/v2\/posts\/188607\/revisions"}],"predecessor-version":[{"id":188609,"href":"https:\/\/diarioregionaldigital.com.br\/index.php?rest_route=\/wp\/v2\/posts\/188607\/revisions\/188609"}],"wp:featuredmedia":[{"embeddable":true,"href":"https:\/\/diarioregionaldigital.com.br\/index.php?rest_route=\/wp\/v2\/media\/188608"}],"wp:attachment":[{"href":"https:\/\/diarioregionaldigital.com.br\/index.php?rest_route=%2Fwp%2Fv2%2Fmedia&parent=188607"}],"wp:term":[{"taxonomy":"category","embeddable":true,"href":"https:\/\/diarioregionaldigital.com.br\/index.php?rest_route=%2Fwp%2Fv2%2Fcategories&post=188607"},{"taxonomy":"post_tag","embeddable":true,"href":"https:\/\/diarioregionaldigital.com.br\/index.php?rest_route=%2Fwp%2Fv2%2Ftags&post=188607"}],"curies":[{"name":"wp","href":"https:\/\/api.w.org\/{rel}","templated":true}]}}