{"id":188604,"date":"2021-09-21T19:19:44","date_gmt":"2021-09-21T22:19:44","guid":{"rendered":"https:\/\/diarioregionaldigital.com.br\/?p=188604"},"modified":"2021-09-21T19:19:44","modified_gmt":"2021-09-21T22:19:44","slug":"governo-se-une-a-sociedade-civil-em-plano-para-plantio-de-arvores","status":"publish","type":"post","link":"https:\/\/diarioregionaldigital.com.br\/?p=188604","title":{"rendered":"Governo se une \u00e0 sociedade civil em plano para plantio de \u00e1rvores"},"content":{"rendered":"<p>Neste dia 21\/9, em que \u00e9 comemorado o Dia da \u00c1rvore no Brasil, o\u00a0<a href=\"https:\/\/www.mg.gov.br\/\" target=\"_blank\" rel=\"noopener\">Governo de Minas<\/a>\u00a0e a sociedade civil lan\u00e7am em a\u00e7\u00e3o conjunta o Movimento Conspira\u00e7\u00e3o Mineira pelo Plantio de \u00c1rvores<\/p>\n<p>O objetivo do projeto \u00e9 promover e incentivar um grande plantio de \u00e1rvores em Minas Gerais e, assim, contribuir com a melhoria da qualidade de vida. A\u00a0<a href=\"http:\/\/www.planejamento.mg.gov.br\/\" target=\"_blank\" rel=\"noopener\">Secretaria de Estado de Planejamento e Gest\u00e3o (Seplag)<\/a>\u00a0\u00e9 ponto focal da iniciativa e conduz a articula\u00e7\u00e3o das a\u00e7\u00f5es por parte do Governo de Minas. Uma das frentes de trabalho \u00e9, por meio da educa\u00e7\u00e3o escolar, promover a transdisciplinaridade da educa\u00e7\u00e3o ambiental na articula\u00e7\u00e3o dos componentes curriculares.<\/p>\n<p>Participaram do lan\u00e7amento on-line, transmitido nos canais digitais da Plantaforma do Campo, as secretarias de Estado de Planejamento e Gest\u00e3o (Seplag),\u00a0<a href=\"https:\/\/www2.educacao.mg.gov.br\/\" target=\"_blank\" rel=\"noopener\">Educa\u00e7\u00e3o (SEE\/MG)<\/a>,\u00a0<a href=\"http:\/\/www.meioambiente.mg.gov.br\/\" target=\"_blank\" rel=\"noopener\">Meio Ambiente e Desenvolvimento Sustent\u00e1vel (Semad)<\/a>\u00a0e de\u00a0<a href=\"http:\/\/www.agricultura.mg.gov.br\/\" target=\"_blank\" rel=\"noopener\">Agricultura, Pecu\u00e1ria e Abastecimento (Seapa)<\/a>, entre outras autoridades e representantes da sociedade civil.<\/p>\n<p>\u201cO caminho do sucesso para que um projeto t\u00e3o ousado consiga ser o maior programa de plantio de \u00e1rvores do nosso estado \u00e9 a uni\u00e3o de esfor\u00e7os de muita gente trabalhando com o mesmo prop\u00f3sito. \u00c9 um prazer fazer parte da conspira\u00e7\u00e3o e espero que possamos contribuir muito e trazer para Minas um exemplo de sustentabilidade\u201d, refor\u00e7ou a secret\u00e1ria de Planejamento e Gest\u00e3o Luisa Barreto, no evento de apresenta\u00e7\u00e3o da iniciativa, que \u00e9 aberta \u00e0 participa\u00e7\u00e3o de todos.<\/p>\n<p>A secret\u00e1ria ainda destacou a import\u00e2ncia da participa\u00e7\u00e3o das secretarias presentes, da\u00a0<a href=\"https:\/\/www.emater.mg.gov.br\/\" target=\"_blank\" rel=\"noopener\">Empresa de Assist\u00eancia T\u00e9cnica e Extens\u00e3o Rural do Estado Minas Gerais (Emater-MG)<\/a>\u00a0e do\u00a0<a href=\"http:\/\/www.ief.mg.gov.br\/\" target=\"_blank\" rel=\"noopener\">Instituto Estadual de Florestas (IEF)<\/a>, executores do projeto, dos professores Helena Neiva e Evandro Neiva, idealizadores da Conspira\u00e7\u00e3o, e do professor Alysson Paolinelli, inspirador da iniciativa.<\/p>\n<p>\u201c\u00c9 muito importante a l\u00f3gica de parceria permanente entre poder p\u00fablico e inciativa privada, al\u00e9m da parceria entre \u00f3rg\u00e3os de governo de maneira articulada, coordenada, com cada um na sua \u00e1rea, mas contribuindo com as demais \u00e1reas para que projetos importantes como esse possam sair do papel. Esse \u00e9 um diferencial\u201d, completou Lu\u00edsa Barreto.<\/p>\n<p><span style=\"font-weight: 400;\">Fonte: Ag\u00eancia Minas <\/span><\/p>\n","protected":false},"excerpt":{"rendered":"<p>Neste dia 21\/9, em que \u00e9 comemorado o Dia da \u00c1rvore no Brasil, o\u00a0Governo de Minas\u00a0e a sociedade civil lan\u00e7am em a\u00e7\u00e3o conjunta o Movimento Conspira\u00e7\u00e3o Mineira pelo Plantio de \u00c1rvores O objetivo do projeto \u00e9 promover e incentivar um grande plantio de \u00e1rvores em Minas Gerais e, assim, contribuir com a melhoria da qualidade [&hellip;]<\/p>\n","protected":false},"author":246,"featured_media":188605,"comment_status":"closed","ping_status":"closed","sticky":false,"template":"","format":"standard","meta":{"footnotes":""},"categories":[436,254,252],"tags":[],"class_list":["post-188604","post","type-post","status-publish","format-standard","has-post-thumbnail","hentry","category-destaque-da-semana","category-politica","category-regiao"],"_links":{"self":[{"href":"https:\/\/diarioregionaldigital.com.br\/index.php?rest_route=\/wp\/v2\/posts\/188604","targetHints":{"allow":["GET"]}}],"collection":[{"href":"https:\/\/diarioregionaldigital.com.br\/index.php?rest_route=\/wp\/v2\/posts"}],"about":[{"href":"https:\/\/diarioregionaldigital.com.br\/index.php?rest_route=\/wp\/v2\/types\/post"}],"author":[{"embeddable":true,"href":"https:\/\/diarioregionaldigital.com.br\/index.php?rest_route=\/wp\/v2\/users\/246"}],"replies":[{"embeddable":true,"href":"https:\/\/diarioregionaldigital.com.br\/index.php?rest_route=%2Fwp%2Fv2%2Fcomments&post=188604"}],"version-history":[{"count":1,"href":"https:\/\/diarioregionaldigital.com.br\/index.php?rest_route=\/wp\/v2\/posts\/188604\/revisions"}],"predecessor-version":[{"id":188606,"href":"https:\/\/diarioregionaldigital.com.br\/index.php?rest_route=\/wp\/v2\/posts\/188604\/revisions\/188606"}],"wp:featuredmedia":[{"embeddable":true,"href":"https:\/\/diarioregionaldigital.com.br\/index.php?rest_route=\/wp\/v2\/media\/188605"}],"wp:attachment":[{"href":"https:\/\/diarioregionaldigital.com.br\/index.php?rest_route=%2Fwp%2Fv2%2Fmedia&parent=188604"}],"wp:term":[{"taxonomy":"category","embeddable":true,"href":"https:\/\/diarioregionaldigital.com.br\/index.php?rest_route=%2Fwp%2Fv2%2Fcategories&post=188604"},{"taxonomy":"post_tag","embeddable":true,"href":"https:\/\/diarioregionaldigital.com.br\/index.php?rest_route=%2Fwp%2Fv2%2Ftags&post=188604"}],"curies":[{"name":"wp","href":"https:\/\/api.w.org\/{rel}","templated":true}]}}