{"id":188597,"date":"2021-09-21T19:15:32","date_gmt":"2021-09-21T22:15:32","guid":{"rendered":"https:\/\/diarioregionaldigital.com.br\/?p=188597"},"modified":"2021-09-21T19:15:32","modified_gmt":"2021-09-21T22:15:32","slug":"brasil-quer-atrair-mais-investimentos-privados-diz-presidente-na-onu","status":"publish","type":"post","link":"https:\/\/diarioregionaldigital.com.br\/?p=188597","title":{"rendered":"Brasil quer atrair mais investimentos privados, diz presidente na ONU"},"content":{"rendered":"<p>O presidente Jair Bolsonaro disse, hoje (21), ao abrir a sess\u00e3o de debates da 76\u00aa Assembleia Geral das Na\u00e7\u00f5es Unidas (ONU), que o Brasil est\u00e1 trabalhando na atra\u00e7\u00e3o de investimentos da iniciativa privada e que possui \u201ctudo o que investidor procura: um grande mercado consumidor, excelentes ativos, tradi\u00e7\u00e3o de respeito a contratos e confian\u00e7a no nosso governo\u201d.<img decoding=\"async\" src=\"https:\/\/agenciabrasil.ebc.com.br\/ebc.png?id=1422210&amp;o=node\" \/><img decoding=\"async\" src=\"https:\/\/agenciabrasil.ebc.com.br\/ebc.gif?id=1422210&amp;o=node\" \/><\/p>\n<p>O presidente Bolsonaro disse que o pa\u00eds est\u00e1 promovendo o modal ferrovi\u00e1rio e outras a\u00e7\u00f5es dentro do seu programa de parceria de investimentos, e que j\u00e1 foram firmados mais de US$ 6 bilh\u00f5es em contratos privados para novas ferrovias. O presidente lembrou que em agosto o governo tamb\u00e9m instituiu um\u00a0<a href=\"https:\/\/agenciabrasil.ebc.com.br\/politica\/noticia\/2021-08\/governo-edita-mp-que-institui-o-marco-legal-do-transporte-ferroviario\" target=\"_blank\" rel=\"noopener\">novo marco legal para o setor<\/a>, permitindo que a constru\u00e7\u00e3o de novas ferrovias seja feita por meio de uma autoriza\u00e7\u00e3o simplificada.<\/p>\n<p>\u201cEm poucos dias, recebemos 14 requerimentos de autoriza\u00e7\u00f5es para novas ferrovias com quase US$ 15 bilh\u00f5es de investimentos privados\u201d, disse. \u201cComo reflexo, menor consumo de combust\u00edveis f\u00f3sseis e redu\u00e7\u00e3o do custo Brasil, em especial no barateamento da produ\u00e7\u00e3o de alimentos\u201d, complementou Bolsonaro.<\/p>\n<p>Por meio do Programa de Parcerias de Investimentos (PPI), segundo o presidente, j\u00e1 foram contratados US$ 100 bilh\u00f5es de novos investimentos e arrecadados US$ 23 bilh\u00f5es em outorgas. Para os pr\u00f3ximos dias, o governo tamb\u00e9m vai realizar o leil\u00e3o para implementa\u00e7\u00e3o da tecnologia 5G no Brasil, disse o presidente.<\/p>\n<p>Durante seu discurso, o presidente reafirmou o compromisso firmado na C\u00fapula de L\u00edderes sobre o Clima, em abril, de alcan\u00e7ar, at\u00e9 2050,\u00a0<a href=\"https:\/\/agenciabrasil.ebc.com.br\/geral\/noticia\/2021-04\/bolsonaro-promete-fim-das-emissoes-de-gases-de-efeito-estufa-ate-2050\" target=\"_blank\" rel=\"noopener\">a neutralidade zero de emiss\u00f5es de gases de efeito estufa no pa\u00eds<\/a>, antecipando em dez anos a\u00a0<a href=\"https:\/\/agenciabrasil.ebc.com.br\/geral\/noticia\/2020-12\/brasil-promete-neutralizar-emissoes-de-gases-do-efeito-estufa-ate-2060\" target=\"_blank\" rel=\"noopener\">sinaliza\u00e7\u00e3o anterior, prevista no Acordo de Paris<\/a>.<\/p>\n<p>Os artigos 5\u00ba e 6\u00ba do\u00a0<a href=\"http:\/\/www.planalto.gov.br\/ccivil_03\/_ato2015-2018\/2017\/decreto\/D9073.htm\" target=\"_blank\" rel=\"noopener\">Acordo de Paris<\/a>, firmado em 2015, tratam sobre os procedimentos financeiros para alcan\u00e7ar a redu\u00e7\u00e3o das emiss\u00f5es, tema que dever\u00e1 ser debatido na 26\u00aa Confer\u00eancia das Na\u00e7\u00f5es Unidas sobre Mudan\u00e7a Clim\u00e1tica, a COP26, que ser\u00e1 realizada em novembro em Glasgow, na Esc\u00f3cia.<\/p>\n<p>No evento, o Brasil quer buscar consenso sobre as regras do mercado de cr\u00e9dito de carbono global, o que deve atrair mais investimento para o pa\u00eds. \u201cEsperamos que os pa\u00edses industrializados cumpram efetivamente seus compromissos com o financiamento de clima em volumes relevantes. O futuro do emprego verde est\u00e1 no Brasil: energia renov\u00e1vel, agricultura sustent\u00e1vel, ind\u00fastria de baixa emiss\u00e3o, saneamento b\u00e1sico, tratamento de res\u00edduos e turismo\u201d, disse.<\/p>\n<p><strong>Covid-19<\/strong><\/p>\n<p>Ainda em meio \u00e0 pandemia da covid-19, esta edi\u00e7\u00e3o da Assembleia Geral da ONU \u00e9 realizada de forma h\u00edbrida, com declara\u00e7\u00f5es presenciais e por v\u00eddeo. No ano passado, o evento foi totalmente virtual. Tradicionalmente, o Brasil \u00e9 o primeiro pa\u00eds a fazer um pronunciamento e o presidente Jair Bolsonaro\u00a0<a href=\"https:\/\/agenciabrasil.ebc.com.br\/geral\/noticia\/2021-09\/presidente-viaja-aos-estados-unidos-para-assembleia-da-onu\" target=\"_blank\" rel=\"noopener\">optou em ir pessoalmente a Nova York<\/a>.<\/p>\n<p>Ele lamentou as mortes por covid-19 e disse que o governo vai vacinar \u201ctodos que escolheram ser vacinados no Brasil\u201d at\u00e9 novembro. O presidente se manifestou contra o passaporte da vacina\u00e7\u00e3o, que cobra imuniza\u00e7\u00e3o dos cidad\u00e3os para acesso a servi\u00e7os. \u201cApoiamos a vacina\u00e7\u00e3o, contudo o nosso governo tem se posicionado contr\u00e1rio ao passaporte sanit\u00e1rio ou a qualquer obriga\u00e7\u00e3o relacionada a vacina\u201d, disse.<\/p>\n<p>Durante seu discurso nas Na\u00e7\u00f5es Unidas, Bolsonaro tamb\u00e9m disse que o governo brasileiro apoia \u201ca autonomia do m\u00e9dico na busca do tratamento precoce\u201d. \u201cEu mesmo fui um desses que fez tratamento inicial. Respeitamos a rela\u00e7\u00e3o m\u00e9dico-paciente na decis\u00e3o da medica\u00e7\u00e3o a ser utilizada e no seu uso\u00a0<em>off-label<\/em>\u201d, disse.<\/p>\n<p>O medicamento chamado\u00a0<em>off-label<\/em>\u00a0\u00e9 aquele prescrito pelo m\u00e9dico que diverge das indica\u00e7\u00f5es da bula. Desde o in\u00edcio da pandemia, no ano passado, o presidente defende o uso dessas medica\u00e7\u00f5es como, por exemplo, a hidroxicloroquina, que n\u00e3o tem efic\u00e1cia cient\u00edfica comprovada contra a covid-19, mas pode ser prescrito por m\u00e9dicos com a concord\u00e2ncia do paciente.<\/p>\n<p>\u201cN\u00e3o entendemos porque muitos pa\u00edses, juntamente com grande parte da m\u00eddia, se colocaram contra o tratamento inicial. A hist\u00f3ria e a ci\u00eancia saber\u00e3o responsabilizar a todos\u201d, complementou.<\/p>\n<p>Em sua fala, o presidente tamb\u00e9m destacou a atua\u00e7\u00e3o brasileira no campo humanit\u00e1rio e no combate \u00e0 pandemia; \u00e0s mudan\u00e7as que seu governo est\u00e1 promovendo no pa\u00eds e o retorno do Brasil ao Conselho de Seguran\u00e7a da ONU. No bi\u00eanio 2022-2023, o Brasil ocupar\u00e1 um\u00a0<a href=\"https:\/\/agenciabrasil.ebc.com.br\/internacional\/noticia\/2021-06\/brasil-ocupara-assento-nao-permanente-em-conselho-de-seguranca-da-onu\" target=\"_blank\" rel=\"noopener\">assento n\u00e3o permanente na entidade<\/a>.<\/p>\n<p><a href=\"https:\/\/www.gov.br\/planalto\/pt-br\/acompanhe-o-planalto\/discursos\/2021\/discurso-do-presidente-da-republica-jair-bolsonaro-na-abertura-da-76deg-assembleia-geral-da-onu\" target=\"_blank\" rel=\"noopener\">Leia a \u00edntegra do discurso<\/a>.<\/p>\n<p><span style=\"font-weight: 400;\"><br \/>\n<\/span><span style=\"font-weight: 400;\">Fonte: Ag\u00eancia Brasil <\/span><\/p>\n","protected":false},"excerpt":{"rendered":"<p>O presidente Jair Bolsonaro disse, hoje (21), ao abrir a sess\u00e3o de debates da 76\u00aa Assembleia Geral das Na\u00e7\u00f5es Unidas (ONU), que o Brasil est\u00e1 trabalhando na atra\u00e7\u00e3o de investimentos da iniciativa privada e que possui \u201ctudo o que investidor procura: um grande mercado consumidor, excelentes ativos, tradi\u00e7\u00e3o de respeito a contratos e confian\u00e7a no [&hellip;]<\/p>\n","protected":false},"author":246,"featured_media":188599,"comment_status":"closed","ping_status":"closed","sticky":false,"template":"","format":"standard","meta":{"footnotes":""},"categories":[436,440,254],"tags":[],"class_list":["post-188597","post","type-post","status-publish","format-standard","has-post-thumbnail","hentry","category-destaque-da-semana","category-destaques-do-dia","category-politica"],"_links":{"self":[{"href":"https:\/\/diarioregionaldigital.com.br\/index.php?rest_route=\/wp\/v2\/posts\/188597","targetHints":{"allow":["GET"]}}],"collection":[{"href":"https:\/\/diarioregionaldigital.com.br\/index.php?rest_route=\/wp\/v2\/posts"}],"about":[{"href":"https:\/\/diarioregionaldigital.com.br\/index.php?rest_route=\/wp\/v2\/types\/post"}],"author":[{"embeddable":true,"href":"https:\/\/diarioregionaldigital.com.br\/index.php?rest_route=\/wp\/v2\/users\/246"}],"replies":[{"embeddable":true,"href":"https:\/\/diarioregionaldigital.com.br\/index.php?rest_route=%2Fwp%2Fv2%2Fcomments&post=188597"}],"version-history":[{"count":1,"href":"https:\/\/diarioregionaldigital.com.br\/index.php?rest_route=\/wp\/v2\/posts\/188597\/revisions"}],"predecessor-version":[{"id":188600,"href":"https:\/\/diarioregionaldigital.com.br\/index.php?rest_route=\/wp\/v2\/posts\/188597\/revisions\/188600"}],"wp:featuredmedia":[{"embeddable":true,"href":"https:\/\/diarioregionaldigital.com.br\/index.php?rest_route=\/wp\/v2\/media\/188599"}],"wp:attachment":[{"href":"https:\/\/diarioregionaldigital.com.br\/index.php?rest_route=%2Fwp%2Fv2%2Fmedia&parent=188597"}],"wp:term":[{"taxonomy":"category","embeddable":true,"href":"https:\/\/diarioregionaldigital.com.br\/index.php?rest_route=%2Fwp%2Fv2%2Fcategories&post=188597"},{"taxonomy":"post_tag","embeddable":true,"href":"https:\/\/diarioregionaldigital.com.br\/index.php?rest_route=%2Fwp%2Fv2%2Ftags&post=188597"}],"curies":[{"name":"wp","href":"https:\/\/api.w.org\/{rel}","templated":true}]}}