{"id":188594,"date":"2021-09-21T19:07:58","date_gmt":"2021-09-21T22:07:58","guid":{"rendered":"https:\/\/diarioregionaldigital.com.br\/?p=188594"},"modified":"2021-09-21T19:07:58","modified_gmt":"2021-09-21T22:07:58","slug":"conselho-do-golfo-decide-nao-impor-salvaguarda-sobre-importacao-de-aco","status":"publish","type":"post","link":"https:\/\/diarioregionaldigital.com.br\/?p=188594","title":{"rendered":"Conselho do Golfo decide n\u00e3o impor salvaguarda sobre importa\u00e7\u00e3o de a\u00e7o"},"content":{"rendered":"<p>O Conselho de Coopera\u00e7\u00e3o do Golfo (CCG) concluiu investiga\u00e7\u00e3o de salvaguardas relativas \u00e0 importa\u00e7\u00e3o de produtos de a\u00e7o e decidiu n\u00e3o aplicar medidas contra o Brasil. A informa\u00e7\u00e3o foi confirmada,\u00a0hoje\u00a0(21), em nota conjunta dos minist\u00e9rios da Economia e das Rela\u00e7\u00f5es Exteriores.<img decoding=\"async\" src=\"https:\/\/agenciabrasil.ebc.com.br\/ebc.png?id=1422218&amp;o=node\" \/><img decoding=\"async\" src=\"https:\/\/agenciabrasil.ebc.com.br\/ebc.gif?id=1422218&amp;o=node\" \/><\/p>\n<p>De acordo com as pastas, caso aplicada, a salvaguarda teria impacto negativo sobre as exporta\u00e7\u00f5es brasileiras aos pa\u00edses do CCG e \u201ccontribuiria para os problemas cr\u00f4nicos que o setor sider\u00fargico enfrenta globalmente, como excesso de capacidade e protecionismo\u201d. O conselho \u00e9 integrado por Ar\u00e1bia Saudita, Kwaite, Om\u00e3, Bahrein, Emirados \u00c1rabes Unidos e Catar.<\/p>\n<p>As medidas de salvaguarda s\u00e3o aplicadas por pa\u00edses como forma de prote\u00e7\u00e3o \u00e0 ind\u00fastria\u00a0dom\u00e9stica que esteja sofrendo amea\u00e7a ou preju\u00edzo grave devido ao aumento das importa\u00e7\u00f5es. O objetivo \u00e9 que, durante o per\u00edodo de vig\u00eancia de tais medidas, a ind\u00fastria\u00a0dom\u00e9stica se ajuste, aumentando a sua competitividade.<\/p>\n<p>\u201cO Minist\u00e9rio da Economia e o Minist\u00e9rio das Rela\u00e7\u00f5es Exteriores participaram ativamente da investiga\u00e7\u00e3o, em defesa da exclus\u00e3o das exporta\u00e7\u00f5es nacionais da eventual aplica\u00e7\u00e3o da salvaguarda, ao amparo do Acordo sobre Salvaguardas da Organiza\u00e7\u00e3o Mundial do Com\u00e9rcio. A decis\u00e3o \u00e9 resultado positivo para o setor de a\u00e7o brasileiro e para a rela\u00e7\u00e3o econ\u00f4mico-comercial do Brasil com os pa\u00edses do CCG\u201d, destacou a nota.<\/p>\n<p><span style=\"font-weight: 400;\">Fonte: Ag\u00eancia Brasil\u00a0<\/span><span style=\"font-weight: 400;\"><br \/>\n<\/span><\/p>\n","protected":false},"excerpt":{"rendered":"<p>O Conselho de Coopera\u00e7\u00e3o do Golfo (CCG) concluiu investiga\u00e7\u00e3o de salvaguardas relativas \u00e0 importa\u00e7\u00e3o de produtos de a\u00e7o e decidiu n\u00e3o aplicar medidas contra o Brasil. A informa\u00e7\u00e3o foi confirmada,\u00a0hoje\u00a0(21), em nota conjunta dos minist\u00e9rios da Economia e das Rela\u00e7\u00f5es Exteriores. De acordo com as pastas, caso aplicada, a salvaguarda teria impacto negativo sobre as [&hellip;]<\/p>\n","protected":false},"author":246,"featured_media":188595,"comment_status":"closed","ping_status":"closed","sticky":false,"template":"","format":"standard","meta":{"footnotes":""},"categories":[436,261],"tags":[],"class_list":["post-188594","post","type-post","status-publish","format-standard","has-post-thumbnail","hentry","category-destaque-da-semana","category-economia"],"_links":{"self":[{"href":"https:\/\/diarioregionaldigital.com.br\/index.php?rest_route=\/wp\/v2\/posts\/188594","targetHints":{"allow":["GET"]}}],"collection":[{"href":"https:\/\/diarioregionaldigital.com.br\/index.php?rest_route=\/wp\/v2\/posts"}],"about":[{"href":"https:\/\/diarioregionaldigital.com.br\/index.php?rest_route=\/wp\/v2\/types\/post"}],"author":[{"embeddable":true,"href":"https:\/\/diarioregionaldigital.com.br\/index.php?rest_route=\/wp\/v2\/users\/246"}],"replies":[{"embeddable":true,"href":"https:\/\/diarioregionaldigital.com.br\/index.php?rest_route=%2Fwp%2Fv2%2Fcomments&post=188594"}],"version-history":[{"count":1,"href":"https:\/\/diarioregionaldigital.com.br\/index.php?rest_route=\/wp\/v2\/posts\/188594\/revisions"}],"predecessor-version":[{"id":188596,"href":"https:\/\/diarioregionaldigital.com.br\/index.php?rest_route=\/wp\/v2\/posts\/188594\/revisions\/188596"}],"wp:featuredmedia":[{"embeddable":true,"href":"https:\/\/diarioregionaldigital.com.br\/index.php?rest_route=\/wp\/v2\/media\/188595"}],"wp:attachment":[{"href":"https:\/\/diarioregionaldigital.com.br\/index.php?rest_route=%2Fwp%2Fv2%2Fmedia&parent=188594"}],"wp:term":[{"taxonomy":"category","embeddable":true,"href":"https:\/\/diarioregionaldigital.com.br\/index.php?rest_route=%2Fwp%2Fv2%2Fcategories&post=188594"},{"taxonomy":"post_tag","embeddable":true,"href":"https:\/\/diarioregionaldigital.com.br\/index.php?rest_route=%2Fwp%2Fv2%2Ftags&post=188594"}],"curies":[{"name":"wp","href":"https:\/\/api.w.org\/{rel}","templated":true}]}}