{"id":188583,"date":"2021-09-21T19:00:53","date_gmt":"2021-09-21T22:00:53","guid":{"rendered":"https:\/\/diarioregionaldigital.com.br\/?p=188583"},"modified":"2021-09-21T19:00:53","modified_gmt":"2021-09-21T22:00:53","slug":"estimativa-de-inadimplencia-do-varejo-em-setembro-fica-em-406","status":"publish","type":"post","link":"https:\/\/diarioregionaldigital.com.br\/?p=188583","title":{"rendered":"Estimativa de inadimpl\u00eancia do varejo em setembro fica em 4,06%"},"content":{"rendered":"<p>A estimativa de inadimpl\u00eancia do setor de varejo para setembro ficou em 4,06%. O resultado \u00e9 0,04 ponto percentual menor do que o \u00edndice efetivamente registrado em julho (4,1%). A previs\u00e3o para setembro \u00e9 uma m\u00e9dia entre os \u00edndices m\u00ednimos e m\u00e1ximos estimados para os atrasos de pagamento de cr\u00e9dito com recursos livres, que ficaram entre 3,79% e 4,32%. Os dados s\u00e3o\u00a0do Instituto Brasileiro de Executivos de Varejo e Mercado de Consumo (Ibevar).<img decoding=\"async\" src=\"https:\/\/agenciabrasil.ebc.com.br\/ebc.png?id=1422209&amp;o=node\" \/><img decoding=\"async\" src=\"https:\/\/agenciabrasil.ebc.com.br\/ebc.gif?id=1422209&amp;o=node\" \/><\/p>\n<p>A inadimpl\u00eancia para pessoas f\u00edsicas com recursos livres mede todas as opera\u00e7\u00f5es com parcelas com mais de 90 dias de atraso, com exce\u00e7\u00e3o das vinculadas a recursos do Banco Nacional de Desenvolvimento Econ\u00f4mico e Social (BNDES) ou outras fontes de dinheiro p\u00fablico.<\/p>\n<p>Para o presidente do Ibevar, Claudio Felisoni de Angelo, a redu\u00e7\u00e3o do \u00edndice reflete o cen\u00e1rio econ\u00f4mico com alta da infla\u00e7\u00e3o e do desemprego, com os consumidores cortando gastos. Por conta da crise pol\u00edtica, econ\u00f4mica e sanit\u00e1ria no Brasil, em conjunto com a desvaloriza\u00e7\u00e3o do real e aumento da infla\u00e7\u00e3o, os pre\u00e7os dos produtos e mercadorias acabaram subindo bastante nos \u00faltimos tempos e, por isso, muitas pessoas tiveram que cortar gastos ou poupar o dinheiro para pagar suas contas\u201d, ressaltou.<\/p>\n<p>Angelo acredita que nos pr\u00f3ximos meses alguns segmentos do varejo devam sofrer com a retra\u00e7\u00e3o econ\u00f4mica. \u201cAlgumas categorias do varejo devem apresentar queda acentuada em sua comercializa\u00e7\u00e3o, como de materiais de constru\u00e7\u00e3o, m\u00f3veis e eletrodom\u00e9sticos, livros, jornais e revistas e entre outros\u201d, acrescentou.<\/p>\n<p><span style=\"font-weight: 400;\">Fonte: Ag\u00eancia Brasil <\/span><\/p>\n","protected":false},"excerpt":{"rendered":"<p>A estimativa de inadimpl\u00eancia do setor de varejo para setembro ficou em 4,06%. O resultado \u00e9 0,04 ponto percentual menor do que o \u00edndice efetivamente registrado em julho (4,1%). A previs\u00e3o para setembro \u00e9 uma m\u00e9dia entre os \u00edndices m\u00ednimos e m\u00e1ximos estimados para os atrasos de pagamento de cr\u00e9dito com recursos livres, que ficaram [&hellip;]<\/p>\n","protected":false},"author":246,"featured_media":188584,"comment_status":"closed","ping_status":"closed","sticky":false,"template":"","format":"standard","meta":{"footnotes":""},"categories":[440,261],"tags":[],"class_list":["post-188583","post","type-post","status-publish","format-standard","has-post-thumbnail","hentry","category-destaques-do-dia","category-economia"],"_links":{"self":[{"href":"https:\/\/diarioregionaldigital.com.br\/index.php?rest_route=\/wp\/v2\/posts\/188583","targetHints":{"allow":["GET"]}}],"collection":[{"href":"https:\/\/diarioregionaldigital.com.br\/index.php?rest_route=\/wp\/v2\/posts"}],"about":[{"href":"https:\/\/diarioregionaldigital.com.br\/index.php?rest_route=\/wp\/v2\/types\/post"}],"author":[{"embeddable":true,"href":"https:\/\/diarioregionaldigital.com.br\/index.php?rest_route=\/wp\/v2\/users\/246"}],"replies":[{"embeddable":true,"href":"https:\/\/diarioregionaldigital.com.br\/index.php?rest_route=%2Fwp%2Fv2%2Fcomments&post=188583"}],"version-history":[{"count":1,"href":"https:\/\/diarioregionaldigital.com.br\/index.php?rest_route=\/wp\/v2\/posts\/188583\/revisions"}],"predecessor-version":[{"id":188585,"href":"https:\/\/diarioregionaldigital.com.br\/index.php?rest_route=\/wp\/v2\/posts\/188583\/revisions\/188585"}],"wp:featuredmedia":[{"embeddable":true,"href":"https:\/\/diarioregionaldigital.com.br\/index.php?rest_route=\/wp\/v2\/media\/188584"}],"wp:attachment":[{"href":"https:\/\/diarioregionaldigital.com.br\/index.php?rest_route=%2Fwp%2Fv2%2Fmedia&parent=188583"}],"wp:term":[{"taxonomy":"category","embeddable":true,"href":"https:\/\/diarioregionaldigital.com.br\/index.php?rest_route=%2Fwp%2Fv2%2Fcategories&post=188583"},{"taxonomy":"post_tag","embeddable":true,"href":"https:\/\/diarioregionaldigital.com.br\/index.php?rest_route=%2Fwp%2Fv2%2Ftags&post=188583"}],"curies":[{"name":"wp","href":"https:\/\/api.w.org\/{rel}","templated":true}]}}