{"id":188561,"date":"2021-09-20T21:21:42","date_gmt":"2021-09-21T00:21:42","guid":{"rendered":"https:\/\/diarioregionaldigital.com.br\/?p=188561"},"modified":"2021-09-20T21:21:42","modified_gmt":"2021-09-21T00:21:42","slug":"fiscalizacao-pela-vida-intensifica-acao-na-regiao-do-alto-dos-passos","status":"publish","type":"post","link":"https:\/\/diarioregionaldigital.com.br\/?p=188561","title":{"rendered":"Fiscaliza\u00e7\u00e3o pela Vida intensifica a\u00e7\u00e3o na regi\u00e3o do Alto dos Passos"},"content":{"rendered":"<p>A Opera\u00e7\u00e3o Conjunta de Fiscaliza\u00e7\u00e3o Pela Vida concentrou esfor\u00e7os na regi\u00e3o do Alto dos Passos neste fim de semana. O objetivo foi evitar a ocorr\u00eancia de aglomera\u00e7\u00e3o de pessoas em via p\u00fablica, no entorno de estabelecimentos, bem como verificar o cumprimento das regras sanit\u00e1rias por parte de bares e restaurantes. A presen\u00e7a dos fiscais de posturas, da Secretaria de Sustentabilidade, Meio Ambiente e Ordenamento Urbano (Sesmaur); dos guardas municipais, da Secretaria de Seguran\u00e7a Urbana e Cidadania (Sesuc); dos agentes de transporte e tr\u00e2nsito, da Secretaria de Mobilidade Urbana (SMU); e de policiais militares; conseguiu restringir a ocupa\u00e7\u00e3o das ruas ao hor\u00e1rio de funcionamento do com\u00e9rcio.<\/p>\n<p>Segundo informa\u00e7\u00f5es do site da Prefeitura de Juiz de Fora, entre as noites de sexta-feira, 17, e domingo, 19, os fiscais vistoriaram 64 estabelecimentos, notificando irregularidades em 13 deles. Os propriet\u00e1rios foram alertados sobre a necessidade de cumprimento das normas de biosseguran\u00e7a e das adequa\u00e7\u00f5es espec\u00edficas para a manuten\u00e7\u00e3o do funcionamento em cada um deles.<\/p>\n<p>A a\u00e7\u00e3o conjunta de Fiscaliza\u00e7\u00e3o Pela Vida acontece todos os fins de semana, verificando o atendimento \u00e0s regras sanit\u00e1rias vigentes no munic\u00edpio, conforme classifica\u00e7\u00e3o do programa municipal de enfrentamento da Covid-19.<\/p>\n<p>Den\u00fancias podem ser feitas \u00e0 Semaur, pelo whatsapp (32) 3690-7984, 24 horas por dia; ao Procon pelo Whatsapp 98463-2687 \u2013 3690-7610 \u2013 3690-7611; Vigil\u00e2ncia Sanit\u00e1ria pelo telefone 3690-7472 (das 8h \u00e0s 12h e das 13h \u00e0s 17h) e Guarda Municipal pelo telefone 153.<\/p>\n","protected":false},"excerpt":{"rendered":"<p>A Opera\u00e7\u00e3o Conjunta de Fiscaliza\u00e7\u00e3o Pela Vida concentrou esfor\u00e7os na regi\u00e3o do Alto dos Passos neste fim de semana. O objetivo foi evitar a ocorr\u00eancia de aglomera\u00e7\u00e3o de pessoas em via p\u00fablica, no entorno de estabelecimentos, bem como verificar o cumprimento das regras sanit\u00e1rias por parte de bares e restaurantes. A presen\u00e7a dos fiscais de [&hellip;]<\/p>\n","protected":false},"author":246,"featured_media":188562,"comment_status":"closed","ping_status":"closed","sticky":false,"template":"","format":"standard","meta":{"footnotes":""},"categories":[253,436],"tags":[],"class_list":["post-188561","post","type-post","status-publish","format-standard","has-post-thumbnail","hentry","category-cidade","category-destaque-da-semana"],"_links":{"self":[{"href":"https:\/\/diarioregionaldigital.com.br\/index.php?rest_route=\/wp\/v2\/posts\/188561","targetHints":{"allow":["GET"]}}],"collection":[{"href":"https:\/\/diarioregionaldigital.com.br\/index.php?rest_route=\/wp\/v2\/posts"}],"about":[{"href":"https:\/\/diarioregionaldigital.com.br\/index.php?rest_route=\/wp\/v2\/types\/post"}],"author":[{"embeddable":true,"href":"https:\/\/diarioregionaldigital.com.br\/index.php?rest_route=\/wp\/v2\/users\/246"}],"replies":[{"embeddable":true,"href":"https:\/\/diarioregionaldigital.com.br\/index.php?rest_route=%2Fwp%2Fv2%2Fcomments&post=188561"}],"version-history":[{"count":1,"href":"https:\/\/diarioregionaldigital.com.br\/index.php?rest_route=\/wp\/v2\/posts\/188561\/revisions"}],"predecessor-version":[{"id":188563,"href":"https:\/\/diarioregionaldigital.com.br\/index.php?rest_route=\/wp\/v2\/posts\/188561\/revisions\/188563"}],"wp:featuredmedia":[{"embeddable":true,"href":"https:\/\/diarioregionaldigital.com.br\/index.php?rest_route=\/wp\/v2\/media\/188562"}],"wp:attachment":[{"href":"https:\/\/diarioregionaldigital.com.br\/index.php?rest_route=%2Fwp%2Fv2%2Fmedia&parent=188561"}],"wp:term":[{"taxonomy":"category","embeddable":true,"href":"https:\/\/diarioregionaldigital.com.br\/index.php?rest_route=%2Fwp%2Fv2%2Fcategories&post=188561"},{"taxonomy":"post_tag","embeddable":true,"href":"https:\/\/diarioregionaldigital.com.br\/index.php?rest_route=%2Fwp%2Fv2%2Ftags&post=188561"}],"curies":[{"name":"wp","href":"https:\/\/api.w.org\/{rel}","templated":true}]}}