{"id":188558,"date":"2021-09-20T21:19:19","date_gmt":"2021-09-21T00:19:19","guid":{"rendered":"https:\/\/diarioregionaldigital.com.br\/?p=188558"},"modified":"2021-09-20T21:19:19","modified_gmt":"2021-09-21T00:19:19","slug":"defesa-civil-realiza-simulado-para-percepcao-de-risco-com-voluntarios-do-bairro-graminha","status":"publish","type":"post","link":"https:\/\/diarioregionaldigital.com.br\/?p=188558","title":{"rendered":"Defesa Civil realiza simulado para percep\u00e7\u00e3o de risco com volunt\u00e1rios do bairro Graminha"},"content":{"rendered":"<p>Neste domingo, 19, a Defesa Civil realizou um simulado com os volunt\u00e1rios do primeiro N\u00facleo de Prote\u00e7\u00e3o e Defesa Civil (Nupdec) da Regi\u00e3o Sul, que foram capacitados para auxiliar em a\u00e7\u00f5es de preven\u00e7\u00e3o. Durante a atividade, o grupo caminhou pelo bairro Graminha a fim de aplicar em campo o conhecimento adquirido durante os m\u00f3dulos do curso de capacita\u00e7\u00e3o.<\/p>\n<p>Segundo informa\u00e7\u00f5es do site da Prefeitura de Juiz de Fora, foram percorridos trechos definidos a partir da percep\u00e7\u00e3o de risco dos moradores. O grupo &#8211; composto por oito volunt\u00e1rios &#8211; foi acompanhado por equipes da Defesa Civil, do Corpo de Bombeiros Militar de Minas Gerais (CBMMG) e da Secretaria de Sustentabilidade em Meio Ambiente e Atividades Urbanas (Sesmaur). Ao longo do trajeto, foram mostrados pontos de risco e os volunt\u00e1rios refletiram sobre os cuidados preventivos necess\u00e1rios.<\/p>\n<p>Al\u00e9m disso, os participantes puderam tirar d\u00favidas sobre a possibilidade de corte de \u00e1rvores da regi\u00e3o. A supervisora do Departamento de Educa\u00e7\u00e3o Ambiental e Prote\u00e7\u00e3o dos Recursos Naturais (Deapren), Mariana Morena, informou sobre os procedimentos para avalia\u00e7\u00e3o da necessidade de corte e poda de \u00e1rvores. J\u00e1 os bombeiros explicaram sobre a atua\u00e7\u00e3o do CBMMG no corte de \u00e1rvores com risco iminente de queda.<\/p>\n<p>Os membros do Nupdec receberam coletes, bon\u00e9s e bottons personalizados. Tamb\u00e9m foram disponibilizados copos de \u00e1gua doados pela Cesama e, ao final da atividade, foram distribu\u00eddas mudas de plantas doadas pela Sesmaur.<\/p>\n<p>As a\u00e7\u00f5es de preven\u00e7\u00e3o da Defesa Civil, como a forma\u00e7\u00e3o de Nupdecs, foi fortalecida com a vinda do \u00f3rg\u00e3o para a Secretaria de Governo (SG) nesta gest\u00e3o. A gerente do Departamento de Preven\u00e7\u00e3o e Atividades Intersetoriais (DPAI), Camila Galv\u00e3o, ressalta a import\u00e2ncia da mudan\u00e7a estrutural. \u201cCom o apoio da secret\u00e1ria de governo, Cidinha Louzada, a Defesa Civil este ano est\u00e1 realizando uma s\u00e9rie de a\u00e7\u00f5es com foco na preven\u00e7\u00e3o a fim de mitigar risco e reduzir danos. A forma\u00e7\u00e3o do Nupdec em Graminha \u00e9 fundamental para a nossa atua\u00e7\u00e3o de preven\u00e7\u00e3o no bairro, principalmente porque o grupo de volunt\u00e1rios \u00e9 muito empenhado e est\u00e1 envolvido com o Nupdec\u201d, afirma.<\/p>\n<p>Com a forma\u00e7\u00e3o do Nupdec, a capacita\u00e7\u00e3o do grupo ser\u00e1 cont\u00ednua. A moradora do Graminha Jocemara, que participou da capacita\u00e7\u00e3o do Nupdec, conta que a experi\u00eancia mudou a forma como se relaciona com o bairro. \u201cMoro no Graminha a vida inteira e algumas coisas sobre o bairro s\u00f3 fui conhecer durante os encontros do Nupdec. A Defesa Civil ensinou sobre preven\u00e7\u00e3o de desastres e sobre formas de reduzir os danos, ent\u00e3o vou a partir de agora vou ter uma for\u00e7a maior para ajudar o bairro\u201d, pontua.<\/p>\n","protected":false},"excerpt":{"rendered":"<p>Neste domingo, 19, a Defesa Civil realizou um simulado com os volunt\u00e1rios do primeiro N\u00facleo de Prote\u00e7\u00e3o e Defesa Civil (Nupdec) da Regi\u00e3o Sul, que foram capacitados para auxiliar em a\u00e7\u00f5es de preven\u00e7\u00e3o. Durante a atividade, o grupo caminhou pelo bairro Graminha a fim de aplicar em campo o conhecimento adquirido durante os m\u00f3dulos do [&hellip;]<\/p>\n","protected":false},"author":246,"featured_media":188559,"comment_status":"closed","ping_status":"closed","sticky":false,"template":"","format":"standard","meta":{"footnotes":""},"categories":[253,436],"tags":[],"class_list":["post-188558","post","type-post","status-publish","format-standard","has-post-thumbnail","hentry","category-cidade","category-destaque-da-semana"],"_links":{"self":[{"href":"https:\/\/diarioregionaldigital.com.br\/index.php?rest_route=\/wp\/v2\/posts\/188558","targetHints":{"allow":["GET"]}}],"collection":[{"href":"https:\/\/diarioregionaldigital.com.br\/index.php?rest_route=\/wp\/v2\/posts"}],"about":[{"href":"https:\/\/diarioregionaldigital.com.br\/index.php?rest_route=\/wp\/v2\/types\/post"}],"author":[{"embeddable":true,"href":"https:\/\/diarioregionaldigital.com.br\/index.php?rest_route=\/wp\/v2\/users\/246"}],"replies":[{"embeddable":true,"href":"https:\/\/diarioregionaldigital.com.br\/index.php?rest_route=%2Fwp%2Fv2%2Fcomments&post=188558"}],"version-history":[{"count":1,"href":"https:\/\/diarioregionaldigital.com.br\/index.php?rest_route=\/wp\/v2\/posts\/188558\/revisions"}],"predecessor-version":[{"id":188560,"href":"https:\/\/diarioregionaldigital.com.br\/index.php?rest_route=\/wp\/v2\/posts\/188558\/revisions\/188560"}],"wp:featuredmedia":[{"embeddable":true,"href":"https:\/\/diarioregionaldigital.com.br\/index.php?rest_route=\/wp\/v2\/media\/188559"}],"wp:attachment":[{"href":"https:\/\/diarioregionaldigital.com.br\/index.php?rest_route=%2Fwp%2Fv2%2Fmedia&parent=188558"}],"wp:term":[{"taxonomy":"category","embeddable":true,"href":"https:\/\/diarioregionaldigital.com.br\/index.php?rest_route=%2Fwp%2Fv2%2Fcategories&post=188558"},{"taxonomy":"post_tag","embeddable":true,"href":"https:\/\/diarioregionaldigital.com.br\/index.php?rest_route=%2Fwp%2Fv2%2Ftags&post=188558"}],"curies":[{"name":"wp","href":"https:\/\/api.w.org\/{rel}","templated":true}]}}