{"id":188555,"date":"2021-09-20T21:16:00","date_gmt":"2021-09-21T00:16:00","guid":{"rendered":"https:\/\/diarioregionaldigital.com.br\/?p=188555"},"modified":"2021-09-20T21:16:00","modified_gmt":"2021-09-21T00:16:00","slug":"smu-reforca-transporte-urbano-para-retorno-das-aulas-presenciais","status":"publish","type":"post","link":"https:\/\/diarioregionaldigital.com.br\/?p=188555","title":{"rendered":"SMU refor\u00e7a transporte urbano para retorno das aulas presenciais"},"content":{"rendered":"<p>A Secretaria de Mobilidade Urbana (SMU) da Prefeitura de Juiz de Fora (PJF) informa que ir\u00e1 refor\u00e7ar suas linhas de transporte p\u00fablico em virtude do retorno gradual das aulas presenciais, iniciado nesta \u00faltima segunda-feira, 20. Segundo informa\u00e7\u00f5es do site da Prefeitura de Juiz de Fora, a iniciativa foi realizada em acordo com o Comit\u00ea Gestor de Transporte P\u00fablico de Juiz de Fora que, semanalmente, re\u00fane representantes da SMU e dos cons\u00f3rcios que atendem ao munic\u00edpio para debater melhorias no tr\u00e2nsito.<\/p>\n<p>Segundo o secret\u00e1rio de Mobilidade Urbana, Tadeu David, inicialmente ser\u00e3o disponibilizados mais de 30 ve\u00edculos, distribu\u00eddos em diversas linhas da cidade. \u201cComo o retorno \u00e0s aulas est\u00e1 sendo realizado de forma gradual e h\u00edbrida, mesclando o regime presencial com o virtual, ainda n\u00e3o \u00e9 poss\u00edvel mensurar de imediato o quanto isso ir\u00e1 impactar no tr\u00e2nsito do munic\u00edpio. Por isso, estamos fazendo um acompanhamento di\u00e1rio em nosso sistema para que qualquer nova demanda seja suprida. Nosso objetivo \u00e9 atender tanto os estudantes quanto os profissionais da educa\u00e7\u00e3o, garantindo assim que ningu\u00e9m fique sem acesso ao transporte p\u00fablico\u201d, detalhou.<\/p>\n<p><b>Cronograma do retorno gradual das aulas presenciais<\/b><\/p>\n<p>O retorno das aulas presenciais teve in\u00edcio nesta segunda-feira, 20, sendo a primeira semana destinada \u00e0 prepara\u00e7\u00e3o dos trabalhadores e trabalhadoras da educa\u00e7\u00e3o, e as semanas seguintes destinadas ao retorno dos alunos de forma h\u00edbrida, facultativa e escalonada. Os alunos da educa\u00e7\u00e3o infantil retornam presencialmente a partir do dia 27 de setembro, seguidos do ensino fundamental I e Ensino de Jovens e Adultos (EJA), no dia 4 de outubro. No dia 11 de outubro, \u00e9 vez do ensino fundamental II e ensino m\u00e9dio. O \u00faltimo grupo ser\u00e1 dos alunos do ensino superior, no dia 18 de outubro.<\/p>\n","protected":false},"excerpt":{"rendered":"<p>A Secretaria de Mobilidade Urbana (SMU) da Prefeitura de Juiz de Fora (PJF) informa que ir\u00e1 refor\u00e7ar suas linhas de transporte p\u00fablico em virtude do retorno gradual das aulas presenciais, iniciado nesta \u00faltima segunda-feira, 20. Segundo informa\u00e7\u00f5es do site da Prefeitura de Juiz de Fora, a iniciativa foi realizada em acordo com o Comit\u00ea Gestor [&hellip;]<\/p>\n","protected":false},"author":246,"featured_media":188556,"comment_status":"closed","ping_status":"closed","sticky":false,"template":"","format":"standard","meta":{"footnotes":""},"categories":[253,436],"tags":[],"class_list":["post-188555","post","type-post","status-publish","format-standard","has-post-thumbnail","hentry","category-cidade","category-destaque-da-semana"],"_links":{"self":[{"href":"https:\/\/diarioregionaldigital.com.br\/index.php?rest_route=\/wp\/v2\/posts\/188555","targetHints":{"allow":["GET"]}}],"collection":[{"href":"https:\/\/diarioregionaldigital.com.br\/index.php?rest_route=\/wp\/v2\/posts"}],"about":[{"href":"https:\/\/diarioregionaldigital.com.br\/index.php?rest_route=\/wp\/v2\/types\/post"}],"author":[{"embeddable":true,"href":"https:\/\/diarioregionaldigital.com.br\/index.php?rest_route=\/wp\/v2\/users\/246"}],"replies":[{"embeddable":true,"href":"https:\/\/diarioregionaldigital.com.br\/index.php?rest_route=%2Fwp%2Fv2%2Fcomments&post=188555"}],"version-history":[{"count":1,"href":"https:\/\/diarioregionaldigital.com.br\/index.php?rest_route=\/wp\/v2\/posts\/188555\/revisions"}],"predecessor-version":[{"id":188557,"href":"https:\/\/diarioregionaldigital.com.br\/index.php?rest_route=\/wp\/v2\/posts\/188555\/revisions\/188557"}],"wp:featuredmedia":[{"embeddable":true,"href":"https:\/\/diarioregionaldigital.com.br\/index.php?rest_route=\/wp\/v2\/media\/188556"}],"wp:attachment":[{"href":"https:\/\/diarioregionaldigital.com.br\/index.php?rest_route=%2Fwp%2Fv2%2Fmedia&parent=188555"}],"wp:term":[{"taxonomy":"category","embeddable":true,"href":"https:\/\/diarioregionaldigital.com.br\/index.php?rest_route=%2Fwp%2Fv2%2Fcategories&post=188555"},{"taxonomy":"post_tag","embeddable":true,"href":"https:\/\/diarioregionaldigital.com.br\/index.php?rest_route=%2Fwp%2Fv2%2Ftags&post=188555"}],"curies":[{"name":"wp","href":"https:\/\/api.w.org\/{rel}","templated":true}]}}