{"id":188552,"date":"2021-09-20T21:12:58","date_gmt":"2021-09-21T00:12:58","guid":{"rendered":"https:\/\/diarioregionaldigital.com.br\/?p=188552"},"modified":"2021-09-20T21:12:58","modified_gmt":"2021-09-21T00:12:58","slug":"pjf-adianta-a-segunda-dose-da-pfizer","status":"publish","type":"post","link":"https:\/\/diarioregionaldigital.com.br\/?p=188552","title":{"rendered":"PJF adianta a segunda dose da Pfizer"},"content":{"rendered":"<p>A Secretaria de Sa\u00fade (SS) da Prefeitura de Juiz de Fora (PJF) anuncia que est\u00e1 antecipando, a partir desta ter\u00e7a-feira, 21, a aplica\u00e7\u00e3o da segunda dose do imunizante da Pfizer. Quem recebeu a primeira dose da Pfizer contra a Covid-19 at\u00e9 o dia 20 de julho pode procurar um dos postos de imuniza\u00e7\u00e3o para receber a segunda dose. Isso ocorre devido \u00e0 mudan\u00e7a no aprazamento (o intervalo entre uma dose e outra), definido pelo Minist\u00e9rio da Sa\u00fade (MS), de 12 para oito semanas.<\/p>\n<p>Segundo informa\u00e7\u00f5es do site da Prefeitura de Juiz de Fora, todos que receberam a primeira dose da Pfizer at\u00e9 20 de julho podem se dirigir at\u00e9 o Sport Club, das 8h \u00e0s 16h; ao Sesc Juiz de Fora, das 14h \u00e0s 20h; e at\u00e9 \u00e0s dez Unidades B\u00e1sicas de Sa\u00fade (UBSs) de refer\u00eancia, das 8h \u00e0s 11h e das 13h \u00e0s 16h.<\/p>\n<p><b>Endere\u00e7os dos locais de vacina\u00e7\u00e3o<\/b><\/p>\n<p><b>Sesc Juiz de Fora<\/b><br \/>\nRua Oswaldo Aranha, 109, Centro<\/p>\n<p><b>Sport Club Juiz de Fora<\/b><br \/>\nAvenida Bar\u00e3o do Rio Branco, 1.303, Centro (entrada pela avenida Brasil)<\/p>\n<p><b>10 UBSs:<\/b><br \/>\n<b>UBS Bairro Nossa Senhora de Lourdes,\u00a0<\/b>Rua In\u00e1cio Gama, 813;<br \/>\n<b>UBS Benfica,\u00a0<\/b>Rua Guararapes, 106;<br \/>\n<b>UBS Nossa Senhora Aparecida,<\/b>\u00a0Rua Nossa Senhora Aparecida, 775;<br \/>\n<b>UBS Santa Luzia,\u00a0<\/b>Rua Torre\u00f5es, s\/n\u00ba<br \/>\n<b>UBS S\u00e3o Pedro,<\/b>\u00a0Rua Jo\u00e3o Louren\u00e7o Kelmer, 1.433;<br \/>\n<b>UBS Vila Ideal,<\/b>\u00a0Avenida Francisco Valadares, 1.910<br \/>\n<b>UBS Milho Branco,\u00a0<\/b>Rua Nicolau Schuery, s\/n\u00ba<br \/>\n<b>UBS Progresso,\u00a0<\/b>Rua Jorge Knopp, n\u00ba 119<br \/>\n<b>UBS Santa Cec\u00edlia,\u00a0<\/b>Rua Gabriel Rodrigues, n\u00ba 900<br \/>\n<b>UBS Bandeirantes,\u00a0<\/b>Rua Laurindo Nocelli, n\u00ba 100<\/p>\n","protected":false},"excerpt":{"rendered":"<p>A Secretaria de Sa\u00fade (SS) da Prefeitura de Juiz de Fora (PJF) anuncia que est\u00e1 antecipando, a partir desta ter\u00e7a-feira, 21, a aplica\u00e7\u00e3o da segunda dose do imunizante da Pfizer. Quem recebeu a primeira dose da Pfizer contra a Covid-19 at\u00e9 o dia 20 de julho pode procurar um dos postos de imuniza\u00e7\u00e3o para receber [&hellip;]<\/p>\n","protected":false},"author":246,"featured_media":188553,"comment_status":"closed","ping_status":"closed","sticky":false,"template":"","format":"standard","meta":{"footnotes":""},"categories":[253,440],"tags":[],"class_list":["post-188552","post","type-post","status-publish","format-standard","has-post-thumbnail","hentry","category-cidade","category-destaques-do-dia"],"_links":{"self":[{"href":"https:\/\/diarioregionaldigital.com.br\/index.php?rest_route=\/wp\/v2\/posts\/188552","targetHints":{"allow":["GET"]}}],"collection":[{"href":"https:\/\/diarioregionaldigital.com.br\/index.php?rest_route=\/wp\/v2\/posts"}],"about":[{"href":"https:\/\/diarioregionaldigital.com.br\/index.php?rest_route=\/wp\/v2\/types\/post"}],"author":[{"embeddable":true,"href":"https:\/\/diarioregionaldigital.com.br\/index.php?rest_route=\/wp\/v2\/users\/246"}],"replies":[{"embeddable":true,"href":"https:\/\/diarioregionaldigital.com.br\/index.php?rest_route=%2Fwp%2Fv2%2Fcomments&post=188552"}],"version-history":[{"count":1,"href":"https:\/\/diarioregionaldigital.com.br\/index.php?rest_route=\/wp\/v2\/posts\/188552\/revisions"}],"predecessor-version":[{"id":188554,"href":"https:\/\/diarioregionaldigital.com.br\/index.php?rest_route=\/wp\/v2\/posts\/188552\/revisions\/188554"}],"wp:featuredmedia":[{"embeddable":true,"href":"https:\/\/diarioregionaldigital.com.br\/index.php?rest_route=\/wp\/v2\/media\/188553"}],"wp:attachment":[{"href":"https:\/\/diarioregionaldigital.com.br\/index.php?rest_route=%2Fwp%2Fv2%2Fmedia&parent=188552"}],"wp:term":[{"taxonomy":"category","embeddable":true,"href":"https:\/\/diarioregionaldigital.com.br\/index.php?rest_route=%2Fwp%2Fv2%2Fcategories&post=188552"},{"taxonomy":"post_tag","embeddable":true,"href":"https:\/\/diarioregionaldigital.com.br\/index.php?rest_route=%2Fwp%2Fv2%2Ftags&post=188552"}],"curies":[{"name":"wp","href":"https:\/\/api.w.org\/{rel}","templated":true}]}}