{"id":188510,"date":"2021-09-20T13:30:58","date_gmt":"2021-09-20T16:30:58","guid":{"rendered":"https:\/\/diarioregionaldigital.com.br\/?p=188510"},"modified":"2021-09-20T13:30:58","modified_gmt":"2021-09-20T16:30:58","slug":"policia-militar-atende-vitima-de-roubo-no-bairro-sao-pedro-2","status":"publish","type":"post","link":"https:\/\/diarioregionaldigital.com.br\/?p=188510","title":{"rendered":"Pol\u00edcia Militar atende v\u00edtima de roubo no bairro S\u00e3o Pedro"},"content":{"rendered":"<p>No dia 19set21 por volta das 09h20min, compareceu a sede da Pol\u00edcia Militar um homem de 47 anos, v\u00edtima de roubo. Segundo relato, ao parar o seu ve\u00edculo na Rua Carlos Henrique Sales no bairro S\u00e3o Pedro, no dia 18set21 por volta das 23h45min, foi abordado por dois indiv\u00edduos, um deles bateu no vidro do lado do carona tendo o segundo autor o abordado, armado com um objeto pontiagudo. Ao anunciarem o roubo, roubaram da v\u00edtima o telefone celular, a carteira contendo cart\u00f5es, documentos e a quantia de R$ 250,00 em dinheiro, evadindo em seguida. V\u00edtima orientada quanto \u00e0s demais provid\u00eancias. A Pol\u00edcia Militar segue rastreamento.<\/p>\n","protected":false},"excerpt":{"rendered":"<p>No dia 19set21 por volta das 09h20min, compareceu a sede da Pol\u00edcia Militar um homem de 47 anos, v\u00edtima de roubo. Segundo relato, ao parar o seu ve\u00edculo na Rua Carlos Henrique Sales no bairro S\u00e3o Pedro, no dia 18set21 por volta das 23h45min, foi abordado por dois indiv\u00edduos, um deles bateu no vidro do [&hellip;]<\/p>\n","protected":false},"author":246,"featured_media":188511,"comment_status":"closed","ping_status":"closed","sticky":false,"template":"","format":"standard","meta":{"footnotes":""},"categories":[301],"tags":[],"class_list":["post-188510","post","type-post","status-publish","format-standard","has-post-thumbnail","hentry","category-artigos-policiais"],"_links":{"self":[{"href":"https:\/\/diarioregionaldigital.com.br\/index.php?rest_route=\/wp\/v2\/posts\/188510","targetHints":{"allow":["GET"]}}],"collection":[{"href":"https:\/\/diarioregionaldigital.com.br\/index.php?rest_route=\/wp\/v2\/posts"}],"about":[{"href":"https:\/\/diarioregionaldigital.com.br\/index.php?rest_route=\/wp\/v2\/types\/post"}],"author":[{"embeddable":true,"href":"https:\/\/diarioregionaldigital.com.br\/index.php?rest_route=\/wp\/v2\/users\/246"}],"replies":[{"embeddable":true,"href":"https:\/\/diarioregionaldigital.com.br\/index.php?rest_route=%2Fwp%2Fv2%2Fcomments&post=188510"}],"version-history":[{"count":1,"href":"https:\/\/diarioregionaldigital.com.br\/index.php?rest_route=\/wp\/v2\/posts\/188510\/revisions"}],"predecessor-version":[{"id":188512,"href":"https:\/\/diarioregionaldigital.com.br\/index.php?rest_route=\/wp\/v2\/posts\/188510\/revisions\/188512"}],"wp:featuredmedia":[{"embeddable":true,"href":"https:\/\/diarioregionaldigital.com.br\/index.php?rest_route=\/wp\/v2\/media\/188511"}],"wp:attachment":[{"href":"https:\/\/diarioregionaldigital.com.br\/index.php?rest_route=%2Fwp%2Fv2%2Fmedia&parent=188510"}],"wp:term":[{"taxonomy":"category","embeddable":true,"href":"https:\/\/diarioregionaldigital.com.br\/index.php?rest_route=%2Fwp%2Fv2%2Fcategories&post=188510"},{"taxonomy":"post_tag","embeddable":true,"href":"https:\/\/diarioregionaldigital.com.br\/index.php?rest_route=%2Fwp%2Fv2%2Ftags&post=188510"}],"curies":[{"name":"wp","href":"https:\/\/api.w.org\/{rel}","templated":true}]}}