{"id":188419,"date":"2021-09-16T19:04:41","date_gmt":"2021-09-16T22:04:41","guid":{"rendered":"https:\/\/diarioregionaldigital.com.br\/?p=188419"},"modified":"2021-09-16T19:04:41","modified_gmt":"2021-09-16T22:04:41","slug":"pia-garante-marta-no-ataque-e-quer-selecao-feminina-mais-imprevisivel","status":"publish","type":"post","link":"https:\/\/diarioregionaldigital.com.br\/?p=188419","title":{"rendered":"Pia garante Marta no ataque e quer sele\u00e7\u00e3o feminina mais imprevis\u00edvel"},"content":{"rendered":"<p>A partida desta sexta-feira (17), \u00e0s 16h (hor\u00e1rio de Bras\u00edlia), contra a Argentina, no est\u00e1dio Amig\u00e3o, em Campina Grande (PB), ser\u00e1 o primeiro desafio da sele\u00e7\u00e3o feminina de futebol ap\u00f3s a Olimp\u00edada de T\u00f3quio (Jap\u00e3o). Doze das 23 jogadoras que Pia Sundhage tem \u00e0 disposi\u00e7\u00e3o n\u00e3o estiveram na capital japonesa e cinco podem estrear pelo escrete canarinho. A t\u00e9cnica espera que as novas caras auxiliem nas mudan\u00e7as que deseja implantar na forma do time jogar.<img decoding=\"async\" src=\"https:\/\/agenciabrasil.ebc.com.br\/ebc.png?id=1421900&amp;o=node\" \/><img decoding=\"async\" src=\"https:\/\/agenciabrasil.ebc.com.br\/ebc.gif?id=1421900&amp;o=node\" \/><\/p>\n<p>\u201c\u00c9 normal cometer erros no come\u00e7o [de um ciclo], mas \u00e9 preciso tentar. Primeiro e principalmente, encontrar um jeito diferente de atacarmos, sermos mais imprevis\u00edveis. Para fazer isso, temos de mexer na velocidade. Falo muito sobre velocidade do jogo, mas isso tamb\u00e9m significa que aquela que n\u00e3o estiver com a bola, precisa correr um pouco mais e fazer isso de uma forma que seja imprevis\u00edvel. Espero que consigamos ver um pouco disso neste novo passo\u201d, afirmou Pia em entrevista coletiva nesta quinta-feira (16).<\/p>\n<p>\u201cQuando falo sobre o ataque [em T\u00f3quio], acho que ele foi muito bem contra a Holanda [empate por 3 a 3, na primeira fase]. Quando digo que podemos fazer melhor, foi especificamente sobre o jogo contra o Canad\u00e1 [0 a 0, nas quartas de final, com derrota brasileira nos p\u00eanaltis]. Temos trabalhado em jogadas de infiltra\u00e7\u00e3o e balancear paci\u00eancia e desafiar as linhas. Os treinos foram muito bons\u201d, completou a t\u00e9cnica.<\/p>\n<div class=\"post-item-wrap\">\n<p>Apesar de n\u00e3o confirmar a escala\u00e7\u00e3o que mandar\u00e1 a campo, Pia afirmou que utilizar\u00e1 Marta como atacante. Na Olimp\u00edada, a camisa 10 atuou como meio-campista, normalmente pelo lado esquerdo.<\/p>\n<p>\u201cMarta jogar\u00e1 na frente, buscando combina\u00e7\u00f5es com quem estiver ao lado. Ser\u00e1 interessante buscar a melhor performance dela. \u00c9 uma jogadora experiente. Inicialmente, pelo menos, quero v\u00ea-la pr\u00f3xima ao gol, da grande \u00e1rea, buscando aquele passe final\u201d, explicou.<\/p>\n<p>A sele\u00e7\u00e3o feminina est\u00e1 reunida desde segunda-feira (13) em Jo\u00e3o Pessoa e vem treinando no est\u00e1dio Almeid\u00e3o, palco do segundo amistoso contra as argentinas, na segunda-feira (20), tamb\u00e9m \u00e0s 16h. Na atividade desta quinta, a t\u00e9cnica comandou um trabalho de cinco contra cinco, seguido por uma atividade coletiva onde espelhou a equipe titular desta sexta-feira. Por causa da pandemia do novo coronav\u00edrus (covid-19), a imprensa n\u00e3o teve acesso ao treinamento.<\/p>\n<p>\u201cTivemos uma recep\u00e7\u00e3o fant\u00e1stica [em Jo\u00e3o Pessoa]. As pessoas nos chamando, tirando fotos. Adoro isso. Imagina, ent\u00e3o, quando a Marta entrou no hotel. \u00c9 refrescante, assim como poder trabalhar com novas jogadoras. Estamos passando a ideia de jogo a elas. \u00c9 algo que a [zagueira] \u00c9rika ouviu v\u00e1rias vezes, mas para a [lateral] Katrine, por exemplo, foi a primeira vez. Gosto da atmosfera e estou ansiosa para este jogo. Espero que j\u00e1 possamos ver algo um pouco diferente da Olimp\u00edada\u201d, concluiu Pia.<\/p>\n<p><span style=\"font-weight: 400;\">Fonte: Ag\u00eancia Brasil\u00a0<\/span><span style=\"font-weight: 400;\"><br \/>\n<\/span><\/p>\n<\/div>\n","protected":false},"excerpt":{"rendered":"<p>A partida desta sexta-feira (17), \u00e0s 16h (hor\u00e1rio de Bras\u00edlia), contra a Argentina, no est\u00e1dio Amig\u00e3o, em Campina Grande (PB), ser\u00e1 o primeiro desafio da sele\u00e7\u00e3o feminina de futebol ap\u00f3s a Olimp\u00edada de T\u00f3quio (Jap\u00e3o). Doze das 23 jogadoras que Pia Sundhage tem \u00e0 disposi\u00e7\u00e3o n\u00e3o estiveram na capital japonesa e cinco podem estrear pelo [&hellip;]<\/p>\n","protected":false},"author":246,"featured_media":188420,"comment_status":"closed","ping_status":"closed","sticky":false,"template":"","format":"standard","meta":{"footnotes":""},"categories":[436,257],"tags":[],"class_list":["post-188419","post","type-post","status-publish","format-standard","has-post-thumbnail","hentry","category-destaque-da-semana","category-esporte"],"_links":{"self":[{"href":"https:\/\/diarioregionaldigital.com.br\/index.php?rest_route=\/wp\/v2\/posts\/188419","targetHints":{"allow":["GET"]}}],"collection":[{"href":"https:\/\/diarioregionaldigital.com.br\/index.php?rest_route=\/wp\/v2\/posts"}],"about":[{"href":"https:\/\/diarioregionaldigital.com.br\/index.php?rest_route=\/wp\/v2\/types\/post"}],"author":[{"embeddable":true,"href":"https:\/\/diarioregionaldigital.com.br\/index.php?rest_route=\/wp\/v2\/users\/246"}],"replies":[{"embeddable":true,"href":"https:\/\/diarioregionaldigital.com.br\/index.php?rest_route=%2Fwp%2Fv2%2Fcomments&post=188419"}],"version-history":[{"count":1,"href":"https:\/\/diarioregionaldigital.com.br\/index.php?rest_route=\/wp\/v2\/posts\/188419\/revisions"}],"predecessor-version":[{"id":188421,"href":"https:\/\/diarioregionaldigital.com.br\/index.php?rest_route=\/wp\/v2\/posts\/188419\/revisions\/188421"}],"wp:featuredmedia":[{"embeddable":true,"href":"https:\/\/diarioregionaldigital.com.br\/index.php?rest_route=\/wp\/v2\/media\/188420"}],"wp:attachment":[{"href":"https:\/\/diarioregionaldigital.com.br\/index.php?rest_route=%2Fwp%2Fv2%2Fmedia&parent=188419"}],"wp:term":[{"taxonomy":"category","embeddable":true,"href":"https:\/\/diarioregionaldigital.com.br\/index.php?rest_route=%2Fwp%2Fv2%2Fcategories&post=188419"},{"taxonomy":"post_tag","embeddable":true,"href":"https:\/\/diarioregionaldigital.com.br\/index.php?rest_route=%2Fwp%2Fv2%2Ftags&post=188419"}],"curies":[{"name":"wp","href":"https:\/\/api.w.org\/{rel}","templated":true}]}}