{"id":188401,"date":"2021-09-16T18:16:10","date_gmt":"2021-09-16T21:16:10","guid":{"rendered":"https:\/\/diarioregionaldigital.com.br\/?p=188401"},"modified":"2021-09-16T18:16:10","modified_gmt":"2021-09-16T21:16:10","slug":"presidente-do-senado-diz-que-democracia-e-inegociavel","status":"publish","type":"post","link":"https:\/\/diarioregionaldigital.com.br\/?p=188401","title":{"rendered":"Presidente do Senado diz que \u201cdemocracia \u00e9 inegoci\u00e1vel&#8221;"},"content":{"rendered":"<p>O presidente do Senado, Rodrigo Pacheco (DEM-MG), disse hoje (16), em Bras\u00edlia, que tanto os poderes Legislativo e Judici\u00e1rio como as For\u00e7as Armadas t\u00eam, na democracia, \u201cambiente \u00fanico\u201d para o desenvolvimento do pa\u00eds. Acrescentou que os problemas de rela\u00e7\u00f5es entre poderes s\u00e3o \u201csolucion\u00e1veis\u201d e que a situa\u00e7\u00e3o tem melhorado a cada semana.\u00a0<img decoding=\"async\" src=\"https:\/\/agenciabrasil.ebc.com.br\/ebc.png?id=1421803&amp;o=node\" \/><img decoding=\"async\" src=\"https:\/\/agenciabrasil.ebc.com.br\/ebc.gif?id=1421803&amp;o=node\" \/><\/p>\n<p>As afirma\u00e7\u00f5es foram feitas durante a abertura de audi\u00eancia na Comiss\u00e3o de Rela\u00e7\u00f5es Exteriores e Defesa Nacional do Senado. \u201cA democracia do Brasil \u00e9 muito jovem, e como toda juventude, comete erros, acertos e tem seus arroubos\u201d, disse. \u201cMas a democracia \u00e9 algo inegoci\u00e1vel e n\u00e3o retroceder\u00e1\u201d, afirmou.<\/p>\n<p>\u201cTanto o Congresso Nacional quanto Judici\u00e1rio e For\u00e7as Armadas t\u00eam absoluta compreens\u00e3o da import\u00e2ncia e preval\u00eancia da democracia como ambiente \u00fanico de desenvolvimento. Esses problemas que temos nas rela\u00e7\u00f5es entre os poderes s\u00e3o solucion\u00e1veis e j\u00e1 temos essa semana uma semana muito melhor do que a passada, de boa rela\u00e7\u00e3o entre os poderes constitu\u00eddos\u201d, acrescentou, ao defender uma \u201cuni\u00e3o nacional\u201d para resolver os reais problemas do pa\u00eds.<\/p>\n<p><strong>Concilia\u00e7\u00e3o<\/strong><\/p>\n<p>Rodrigo Pacheco frisou que uni\u00e3o nacional n\u00e3o significa, necessariamente, concilia\u00e7\u00e3o absoluta, e que diverg\u00eancias sempre existem. Acrescentou que essas diverg\u00eancias, no entanto, n\u00e3o podem atrapalhar o enfrentamento de problemas, o que, segundo ele, tem sido feito pelos debates e tramita\u00e7\u00f5es de projetos no Legislativo, sobre quest\u00f5es como precat\u00f3rios e a defini\u00e7\u00e3o do nosso sistema pol\u00edtico-eleitoral. \u201cAs elei\u00e7\u00f5es acontecer\u00e3o em 2022, e n\u00e3o h\u00e1 nenhuma d\u00favida quanto a isso\u201d, disse.<\/p>\n<p>O senador disse, ainda, que o sucesso nessa empreitada passa pelo respeito entre os poderes e entre as institui\u00e7\u00f5es, o que, para ele, acaba sendo prejudicado pelo mau uso das redes sociais.<\/p>\n<p>\u201c\u00c9 importante tamb\u00e9m a responsabilidade de cumprir os deveres, cada qual em seu quadrado. E, por \u00faltimo, s\u00e3o tamb\u00e9m importantes o otimismo e o entusiasmo com o Brasil para preenchermos espa\u00e7os e resolver problemas\u201d, finalizou.<\/p>\n<p><span style=\"font-weight: 400;\"><br \/>\n<\/span><span style=\"font-weight: 400;\">Fonte: Ag\u00eancia Brasil <\/span><\/p>\n","protected":false},"excerpt":{"rendered":"<p>O presidente do Senado, Rodrigo Pacheco (DEM-MG), disse hoje (16), em Bras\u00edlia, que tanto os poderes Legislativo e Judici\u00e1rio como as For\u00e7as Armadas t\u00eam, na democracia, \u201cambiente \u00fanico\u201d para o desenvolvimento do pa\u00eds. Acrescentou que os problemas de rela\u00e7\u00f5es entre poderes s\u00e3o \u201csolucion\u00e1veis\u201d e que a situa\u00e7\u00e3o tem melhorado a cada semana.\u00a0 As afirma\u00e7\u00f5es foram [&hellip;]<\/p>\n","protected":false},"author":246,"featured_media":188402,"comment_status":"closed","ping_status":"closed","sticky":false,"template":"","format":"standard","meta":{"footnotes":""},"categories":[440,261],"tags":[],"class_list":["post-188401","post","type-post","status-publish","format-standard","has-post-thumbnail","hentry","category-destaques-do-dia","category-economia"],"_links":{"self":[{"href":"https:\/\/diarioregionaldigital.com.br\/index.php?rest_route=\/wp\/v2\/posts\/188401","targetHints":{"allow":["GET"]}}],"collection":[{"href":"https:\/\/diarioregionaldigital.com.br\/index.php?rest_route=\/wp\/v2\/posts"}],"about":[{"href":"https:\/\/diarioregionaldigital.com.br\/index.php?rest_route=\/wp\/v2\/types\/post"}],"author":[{"embeddable":true,"href":"https:\/\/diarioregionaldigital.com.br\/index.php?rest_route=\/wp\/v2\/users\/246"}],"replies":[{"embeddable":true,"href":"https:\/\/diarioregionaldigital.com.br\/index.php?rest_route=%2Fwp%2Fv2%2Fcomments&post=188401"}],"version-history":[{"count":1,"href":"https:\/\/diarioregionaldigital.com.br\/index.php?rest_route=\/wp\/v2\/posts\/188401\/revisions"}],"predecessor-version":[{"id":188403,"href":"https:\/\/diarioregionaldigital.com.br\/index.php?rest_route=\/wp\/v2\/posts\/188401\/revisions\/188403"}],"wp:featuredmedia":[{"embeddable":true,"href":"https:\/\/diarioregionaldigital.com.br\/index.php?rest_route=\/wp\/v2\/media\/188402"}],"wp:attachment":[{"href":"https:\/\/diarioregionaldigital.com.br\/index.php?rest_route=%2Fwp%2Fv2%2Fmedia&parent=188401"}],"wp:term":[{"taxonomy":"category","embeddable":true,"href":"https:\/\/diarioregionaldigital.com.br\/index.php?rest_route=%2Fwp%2Fv2%2Fcategories&post=188401"},{"taxonomy":"post_tag","embeddable":true,"href":"https:\/\/diarioregionaldigital.com.br\/index.php?rest_route=%2Fwp%2Fv2%2Ftags&post=188401"}],"curies":[{"name":"wp","href":"https:\/\/api.w.org\/{rel}","templated":true}]}}