{"id":188387,"date":"2021-09-16T17:54:02","date_gmt":"2021-09-16T20:54:02","guid":{"rendered":"https:\/\/diarioregionaldigital.com.br\/?p=188387"},"modified":"2021-09-16T17:54:02","modified_gmt":"2021-09-16T20:54:02","slug":"ministerio-mantem-previsao-de-crescimento-da-economia-em-53-este-ano","status":"publish","type":"post","link":"https:\/\/diarioregionaldigital.com.br\/?p=188387","title":{"rendered":"Minist\u00e9rio mant\u00e9m previs\u00e3o de crescimento da economia em 5,3% este ano"},"content":{"rendered":"<p>A Secretaria de Pol\u00edtica Econ\u00f4mica (SPE) do Minist\u00e9rio da Economia manteve a proje\u00e7\u00e3o para o crescimento da economia este ano e elevou a estimativa para a infla\u00e7\u00e3o, de 5,9% para 7,9%, por influ\u00eancia da alta nos pre\u00e7os dos combust\u00edveis e energia el\u00e9trica. As proje\u00e7\u00f5es est\u00e3o no\u00a0<a href=\"https:\/\/www.gov.br\/economia\/pt-br\/centrais-de-conteudo\/publicacoes\/boletins\/boletim-macrofiscal\/2021\/boletim-macrofiscal-setembro-2021.pdf\/view\" target=\"_blank\" rel=\"noopener\">Boletim MacroFiscal<\/a>\u00a0divulgado hoje (16).<img decoding=\"async\" src=\"https:\/\/agenciabrasil.ebc.com.br\/ebc.png?id=1421823&amp;o=node\" \/><img decoding=\"async\" src=\"https:\/\/agenciabrasil.ebc.com.br\/ebc.gif?id=1421823&amp;o=node\" \/><\/p>\n<p>A estimativa para o crescimento do Produto Interno Bruto (PIB, a soma de todos os bens e servi\u00e7os produzidos no pa\u00eds) permaneceu em 5,3% em 2021, em rela\u00e7\u00e3o ao\u00a0<a href=\"https:\/\/agenciabrasil.ebc.com.br\/economia\/noticia\/2021-07\/ministerio-eleva-previsao-de-crescimento-da-economia-para-53-este\" target=\"_blank\" rel=\"noopener\">\u00faltimo boletim<\/a>, divulgado em julho.<\/p>\n<p>No segundo trimestre do ano, o PIB teve recuo na margem de 0,1% em rela\u00e7\u00e3o ao per\u00edodo anterior (com ajuste sazonal, j\u00e1 que s\u00e3o per\u00edodos diferentes) e cresceu 12,4% na compara\u00e7\u00e3o interanual, mostrando recupera\u00e7\u00e3o em rela\u00e7\u00e3o \u00e0 crise de 2020, segundo a SPE. A pasta destaca que a redu\u00e7\u00e3o no segundo trimestre se encontra pr\u00f3xima \u00e0 estabilidade, em um trimestre com o maior n\u00famero de mortes da pandemia de covid-19.<\/p>\n<p>Apesar da queda do ritmo da atividade nesse per\u00edodo, os dados mensais de indicadores mostram que a recupera\u00e7\u00e3o da economia continua no terceiro trimestre. A proje\u00e7\u00e3o do PIB para o per\u00edodo \u00e9 de crescimento de 0,6% em rela\u00e7\u00e3o ao segundo trimestre (com ajuste sazonal) e de 5% em rela\u00e7\u00e3o ao mesmo trimestre do ano passado.<\/p>\n<p>O destaque no segundo trimestre, pelo lado da oferta, foi o desempenho dos servi\u00e7os, com alta de 0,7% ante o trimestre anterior, com ajuste sazonal. De acordo com a SPE, a maior parte dos servi\u00e7os j\u00e1 recobrou o n\u00edvel de atividade anterior \u00e0 pandemia, alcan\u00e7ando, no \u00edndice agregado, o maior valor desde 2016. J\u00e1 o \u00edndice de confian\u00e7a do setor est\u00e1 no maior patamar desde 2013.<\/p>\n<p>\u201cAs proje\u00e7\u00f5es apontam que o setor de servi\u00e7os contribuir\u00e1 de forma robusta para a recupera\u00e7\u00e3o econ\u00f4mica no segundo semestre de 2021, concomitantemente ao avan\u00e7o da vacina\u00e7\u00e3o em massa e \u00e0 flexibiliza\u00e7\u00e3o das restri\u00e7\u00f5es \u00e0s atividades de servi\u00e7os, alguns dos quais ainda n\u00e3o retomaram o n\u00edvel pr\u00e9-pandemia\u201d, explicou a SPE. \u201cEspera-se a manuten\u00e7\u00e3o da tend\u00eancia do setor com impactos positivos no mercado de trabalho, principalmente o informal\u201d, complementa o boletim.<\/p>\n<p>Durante\u00a0<a href=\"https:\/\/www.youtube.com\/watch?v=1jCnuTnE5F4\" target=\"_blank\" rel=\"noopener\">coletiva virtual<\/a>\u00a0de apresenta\u00e7\u00e3o dos dados, o secret\u00e1rio de Pol\u00edtica Econ\u00f4mica, Adolfo Sachsida, reafirmou que a vacina\u00e7\u00e3o em massa \u00e9 a melhor pol\u00edtica econ\u00f4mica para o pa\u00eds e fez um apelo para que a popula\u00e7\u00e3o complete o calend\u00e1rio vacinal contra covid-19.<\/p>\n<p>\u201cA popula\u00e7\u00e3o brasileira est\u00e1 sendo vacinada numa velocidade que nos d\u00e1 seguran\u00e7a para estimar o crescimento do PIB, que a economia vai continuar com a sua retomada\u201d, disse. \u201cE aqui eu fa\u00e7o um pedido a todos os brasileiros. Cada um pode escolher tomar ou n\u00e3o a vacina. Agora, se voc\u00ea tomou a primeira dose, pe\u00e7o que tome a segunda. Porque est\u00e3o sendo feito sacrif\u00edcios financeiros e de log\u00edstica para garantir a vacina para a popula\u00e7\u00e3o e deixar essa pandemia para tr\u00e1s\u201d, ressaltou.<\/p>\n<p><strong>Perspectivas<\/strong><\/p>\n<p>A partir de 2022, a proje\u00e7\u00e3o de crescimento do PIB \u00e9 de 2,5%. Para isso, o governo espera os efeitos positivos das reformas pr\u00f3-mercado, que foram aprovadas ou est\u00e3o em an\u00e1lise, e do processo de consolida\u00e7\u00e3o fiscal, que deve permitir uma melhora das contas p\u00fablicas, ap\u00f3s a forte eleva\u00e7\u00e3o dos gastos com a pandemia.<\/p>\n<p>\u201cContudo, salienta-se que os riscos no cen\u00e1rio prospectivo, principalmente o hidrol\u00f3gico [crise h\u00eddrica] e um poss\u00edvel recrudescimento da pandemia, devem ser observados com cautela, avaliando os seus impactos para a economia brasileira\u201d, alertou a SPE sobre os riscos.<\/p>\n<p>O secret\u00e1rio Adolfo Sachsida ressaltou que \u00e9 preciso eliminar os \u201cru\u00eddos\u201d que podem levar a algumas institui\u00e7\u00f5es a baixar as expectativas de crescimento. \u201cToda democracia \u00e9 barulhenta. Cabe a n\u00f3s trabalhar melhor na comunica\u00e7\u00e3o para deixar cada vez mais claro o que \u00e9 ru\u00eddo e o que \u00e9 sinal\u201d, disse.<\/p>\n<p>Ele citou, por exemplo, an\u00e1lises do mercado de que a confian\u00e7a do empresariado estaria diminuindo ou que a eleva\u00e7\u00e3o da taxa b\u00e1sica de juros (Selic) prejudicaria o crescimento. Entretanto, segundo Sachsida, os dados mostram confian\u00e7a em todos os setores, como o de servi\u00e7os.<\/p>\n<p>J\u00e1 em rela\u00e7\u00e3o \u00e0 taxa de juros, ele argumentou que, historicamente, ela nunca esteve em patamar t\u00e3o baixo,\u00a0<a href=\"https:\/\/agenciabrasil.ebc.com.br\/economia\/noticia\/2021-08\/copom-eleva-juros-basicos-da-economia-para-525-ao-ano\" target=\"_blank\" rel=\"noopener\">hoje em 5,25%<\/a>. \u201c\u00c9 dif\u00edcil argumentar que a pol\u00edtica tem sido contracionista para gerar um crescimento [do PIB] t\u00e3o baixo ano que vem\u201d, disse, lembrando, por exemplo, que entre 2002 e 2003, a Selic chegou a 26%.<\/p>\n<p>\u201cVejo [analistas] colocando a taxa em 9% para o ano que vem. Ainda assim \u00e9 um valor que, historicamente, nos d\u00e1 comodidade para continuar na trajet\u00f3ria de redu\u00e7\u00e3o da d\u00edvida [p\u00fablica]\/PIB, para aprova\u00e7\u00e3o da reformas e crescimento econ\u00f4mico\u201d, disse.<\/p>\n<p>A Selic \u00e9 o principal instrumento do Banco Central (BC) para alcan\u00e7ar a meta de infla\u00e7\u00e3o. Na semana que vem, Comit\u00ea de Pol\u00edtica Monet\u00e1ria do BC vai reunir e deve elevar a taxa em mais 1%.<\/p>\n<p><strong>Infla\u00e7\u00e3o<\/strong><\/p>\n<p>A proje\u00e7\u00e3o de infla\u00e7\u00e3o da SPE para 2021, medida pelo \u00cdndice Nacional de Pre\u00e7os ao Consumidor Amplo (IPCA), subiu de 5,9% para 7,9%. O valor encontra-se acima da meta definida pelo Conselho Monet\u00e1rio Nacional, de 3,75% para o ano, bem como acima do limite superior do intervalo de toler\u00e2ncia, de 1,5 ponto percentual, ou seja, 5,25%.<\/p>\n<p>A infla\u00e7\u00e3o de agosto, divulgada na semana passada pelo Instituto Brasileiro de Geografia e Estat\u00edstica (IBGE),\u00a0<a href=\"https:\/\/agenciabrasil.ebc.com.br\/economia\/noticia\/2021-09\/puxada-pelos-combustiveis-infiacao-oficial-fecha-agosto-em-087\" target=\"_blank\" rel=\"noopener\">foi de 0,87%<\/a>, a maior para o m\u00eas desde o ano 2000. Com isso, o indicador acumula altas de 5,67% no ano e de 9,68% nos \u00faltimos 12 meses.<\/p>\n<p>De acordo com a SPE, o IPCA tem sido impactado mais fortemente pelas varia\u00e7\u00f5es ocorridas nos pre\u00e7os dos itens monitorados, ou seja, produtos como gasolina, g\u00e1s de botij\u00e3o e medicamentos. No acumulado em 12 meses at\u00e9 agosto, esse grupo registrou aumento de 13,69% de infla\u00e7\u00e3o. \u201cEsse aumento \u00e9 decorrente de eleva\u00e7\u00f5es significativas nos pre\u00e7os dos combust\u00edveis e da energia el\u00e9trica, diante dos reajustes no pre\u00e7o do g\u00e1s e das altera\u00e7\u00f5es nas bandeiras tarif\u00e1rias, respectivamente\u201d, diz o boletim.<\/p>\n<p>A infla\u00e7\u00e3o dos alimentos, acumulada em 12 meses, chegou a 16,59% em agosto, ap\u00f3s desacelera\u00e7\u00e3o entre mar\u00e7o e junho e relativa estabilidade nos meses subsequentes.<\/p>\n<p>J\u00e1 a infla\u00e7\u00e3o dos transportes vem apresentando acelera\u00e7\u00e3o desde o in\u00edcio do ano. A maior acelera\u00e7\u00e3o se deu nos cinco primeiros meses do ano, quando passou de 1,12% em janeiro para 14,94% em maio. Entre junho e agosto, o subgrupo segue acelerando, embora em um ritmo menos intenso, atingindo 16,63% em agosto, no acumulado em 12 meses.<\/p>\n<p>A infla\u00e7\u00e3o de servi\u00e7os foi de 3,92% no acumulado em 12 meses at\u00e9 agosto, contribuindo positivamente para a infla\u00e7\u00e3o e apresentando valores significativamente mais baixos que os demais grupos.<\/p>\n<p>O \u00cdndice Nacional de Pre\u00e7os ao Consumidor (INPC) dever\u00e1 encerrar este ano com varia\u00e7\u00e3o de 8,4%. Com participa\u00e7\u00e3o relevante dos produtos agropecu\u00e1rios, a proje\u00e7\u00e3o para o \u00cdndice Geral de Pre\u00e7os \u2013 Disponibilidade Interna (IGP-DI), que inclui tamb\u00e9m o setor atacadista e o custo da constru\u00e7\u00e3o civil, al\u00e9m do consumidor final, \u00e9 de 18%.<\/p>\n<p>Para 2022, a proje\u00e7\u00e3o de IPCA passou de 3,5% para 3,75%. A partir de 2023, a proje\u00e7\u00e3o converge para a meta: 3,25% em 2023 e 3% de 2024 em diante.<\/p>\n<p><span style=\"font-weight: 400;\">Fonte: Ag\u00eancia Brasil <\/span><\/p>\n","protected":false},"excerpt":{"rendered":"<p>A Secretaria de Pol\u00edtica Econ\u00f4mica (SPE) do Minist\u00e9rio da Economia manteve a proje\u00e7\u00e3o para o crescimento da economia este ano e elevou a estimativa para a infla\u00e7\u00e3o, de 5,9% para 7,9%, por influ\u00eancia da alta nos pre\u00e7os dos combust\u00edveis e energia el\u00e9trica. As proje\u00e7\u00f5es est\u00e3o no\u00a0Boletim MacroFiscal\u00a0divulgado hoje (16). A estimativa para o crescimento do [&hellip;]<\/p>\n","protected":false},"author":246,"featured_media":188389,"comment_status":"closed","ping_status":"closed","sticky":false,"template":"","format":"standard","meta":{"footnotes":""},"categories":[440,261],"tags":[],"class_list":["post-188387","post","type-post","status-publish","format-standard","has-post-thumbnail","hentry","category-destaques-do-dia","category-economia"],"_links":{"self":[{"href":"https:\/\/diarioregionaldigital.com.br\/index.php?rest_route=\/wp\/v2\/posts\/188387","targetHints":{"allow":["GET"]}}],"collection":[{"href":"https:\/\/diarioregionaldigital.com.br\/index.php?rest_route=\/wp\/v2\/posts"}],"about":[{"href":"https:\/\/diarioregionaldigital.com.br\/index.php?rest_route=\/wp\/v2\/types\/post"}],"author":[{"embeddable":true,"href":"https:\/\/diarioregionaldigital.com.br\/index.php?rest_route=\/wp\/v2\/users\/246"}],"replies":[{"embeddable":true,"href":"https:\/\/diarioregionaldigital.com.br\/index.php?rest_route=%2Fwp%2Fv2%2Fcomments&post=188387"}],"version-history":[{"count":2,"href":"https:\/\/diarioregionaldigital.com.br\/index.php?rest_route=\/wp\/v2\/posts\/188387\/revisions"}],"predecessor-version":[{"id":188391,"href":"https:\/\/diarioregionaldigital.com.br\/index.php?rest_route=\/wp\/v2\/posts\/188387\/revisions\/188391"}],"wp:featuredmedia":[{"embeddable":true,"href":"https:\/\/diarioregionaldigital.com.br\/index.php?rest_route=\/wp\/v2\/media\/188389"}],"wp:attachment":[{"href":"https:\/\/diarioregionaldigital.com.br\/index.php?rest_route=%2Fwp%2Fv2%2Fmedia&parent=188387"}],"wp:term":[{"taxonomy":"category","embeddable":true,"href":"https:\/\/diarioregionaldigital.com.br\/index.php?rest_route=%2Fwp%2Fv2%2Fcategories&post=188387"},{"taxonomy":"post_tag","embeddable":true,"href":"https:\/\/diarioregionaldigital.com.br\/index.php?rest_route=%2Fwp%2Fv2%2Ftags&post=188387"}],"curies":[{"name":"wp","href":"https:\/\/api.w.org\/{rel}","templated":true}]}}