{"id":188384,"date":"2021-09-16T12:55:19","date_gmt":"2021-09-16T15:55:19","guid":{"rendered":"https:\/\/diarioregionaldigital.com.br\/?p=188384"},"modified":"2021-09-16T12:55:19","modified_gmt":"2021-09-16T15:55:19","slug":"policia-militar-prende-autores-por-trafico-de-drogas-no-olavo-costa","status":"publish","type":"post","link":"https:\/\/diarioregionaldigital.com.br\/?p=188384","title":{"rendered":"Pol\u00edcia Militar prende autores por tr\u00e1fico de drogas no Olavo Costa"},"content":{"rendered":"<p>Na madrugada de hoje, 16set21 por volta das 00h02min, a Pol\u00edcia Militar deslocou at\u00e9 a Rua da F\u00e9 no bairro Olavo Costa, para verifica\u00e7\u00e3o de den\u00fancia referente ao tr\u00e1fico de drogas em um beco. No local, um dos denunciados foi visualizado e apesar da tentativa de fuga foi abordado. Um segundo suspeito tamb\u00e9m foi localizado. Realizadas as dilig\u00eancias nas respectivas resid\u00eancias, com apoio do c\u00e3o policial (Airon), a Pol\u00edcia Militar logrou \u00eaxito na apreens\u00e3o de todo material: 04 barras de maconha, 01 bucha de maconha, 50 pedras de crack, 143 papelotes de coca\u00edna, 01 celular, R$ 37,00 em dinheiro, 01 balan\u00e7a de precis\u00e3o e 01 mochila. Os autores (42 e 56 anos) foram presos e conduzidos \u00e0 Delegacia.<\/p>\n","protected":false},"excerpt":{"rendered":"<p>Na madrugada de hoje, 16set21 por volta das 00h02min, a Pol\u00edcia Militar deslocou at\u00e9 a Rua da F\u00e9 no bairro Olavo Costa, para verifica\u00e7\u00e3o de den\u00fancia referente ao tr\u00e1fico de drogas em um beco. No local, um dos denunciados foi visualizado e apesar da tentativa de fuga foi abordado. Um segundo suspeito tamb\u00e9m foi localizado. [&hellip;]<\/p>\n","protected":false},"author":246,"featured_media":188385,"comment_status":"closed","ping_status":"closed","sticky":false,"template":"","format":"standard","meta":{"footnotes":""},"categories":[301],"tags":[],"class_list":["post-188384","post","type-post","status-publish","format-standard","has-post-thumbnail","hentry","category-artigos-policiais"],"_links":{"self":[{"href":"https:\/\/diarioregionaldigital.com.br\/index.php?rest_route=\/wp\/v2\/posts\/188384","targetHints":{"allow":["GET"]}}],"collection":[{"href":"https:\/\/diarioregionaldigital.com.br\/index.php?rest_route=\/wp\/v2\/posts"}],"about":[{"href":"https:\/\/diarioregionaldigital.com.br\/index.php?rest_route=\/wp\/v2\/types\/post"}],"author":[{"embeddable":true,"href":"https:\/\/diarioregionaldigital.com.br\/index.php?rest_route=\/wp\/v2\/users\/246"}],"replies":[{"embeddable":true,"href":"https:\/\/diarioregionaldigital.com.br\/index.php?rest_route=%2Fwp%2Fv2%2Fcomments&post=188384"}],"version-history":[{"count":1,"href":"https:\/\/diarioregionaldigital.com.br\/index.php?rest_route=\/wp\/v2\/posts\/188384\/revisions"}],"predecessor-version":[{"id":188386,"href":"https:\/\/diarioregionaldigital.com.br\/index.php?rest_route=\/wp\/v2\/posts\/188384\/revisions\/188386"}],"wp:featuredmedia":[{"embeddable":true,"href":"https:\/\/diarioregionaldigital.com.br\/index.php?rest_route=\/wp\/v2\/media\/188385"}],"wp:attachment":[{"href":"https:\/\/diarioregionaldigital.com.br\/index.php?rest_route=%2Fwp%2Fv2%2Fmedia&parent=188384"}],"wp:term":[{"taxonomy":"category","embeddable":true,"href":"https:\/\/diarioregionaldigital.com.br\/index.php?rest_route=%2Fwp%2Fv2%2Fcategories&post=188384"},{"taxonomy":"post_tag","embeddable":true,"href":"https:\/\/diarioregionaldigital.com.br\/index.php?rest_route=%2Fwp%2Fv2%2Ftags&post=188384"}],"curies":[{"name":"wp","href":"https:\/\/api.w.org\/{rel}","templated":true}]}}