{"id":188367,"date":"2021-09-15T18:36:22","date_gmt":"2021-09-15T21:36:22","guid":{"rendered":"https:\/\/diarioregionaldigital.com.br\/?p=188367"},"modified":"2021-09-15T18:36:22","modified_gmt":"2021-09-15T21:36:22","slug":"pjf-inicia-vacinacao-contra-covid-19-de-adolescentes-de-17-anos-a-partir-desta-5a-16","status":"publish","type":"post","link":"https:\/\/diarioregionaldigital.com.br\/?p=188367","title":{"rendered":"PJF inicia vacina\u00e7\u00e3o contra Covid-19 de adolescentes de 17 anos a partir desta 5\u00aa, 16"},"content":{"rendered":"<p>Os adolescentes de 17 anos completos, nascidos do m\u00eas de janeiro a junho, ser\u00e3o vacinados nesta quinta-feira, dia 16, no Sesc Juiz de Fora e em dez Unidades B\u00e1sicas de Sa\u00fade (UBSs). A abertura da vacina\u00e7\u00e3o deste p\u00fablico \u00e9 mais um importante avan\u00e7o na campanha de imuniza\u00e7\u00e3o contra a Covid-19, realizada pela Secretaria de Sa\u00fade (SS) da Prefeitura de Juiz de Fora (PJF). Segundo informa\u00e7\u00f5es do site da Prefeitura de Juiz de Fora, a vacina\u00e7\u00e3o nesta quinta, no Sesc, acontece das 8h \u00e0s 16h, enquanto nas UBSs do Bairro de Lourdes, Bandeirantes, Benfica, Milho Branco, Nossa Senhora Aparecida, Santa Cec\u00edlia, Santa Luzia, S\u00e3o Pedro, Progresso e Vila Ideal, das 8h \u00e0s 11h e das 13h \u00e0s 14h.<\/p>\n<p>Na sexta-feira, 17, ser\u00e1 a vez daqueles adolescentes de 17 anos nascidos entre julho e dezembro receberem a dose inicial. O hor\u00e1rio de vacina\u00e7\u00e3o na sexta nas UBSs ser\u00e1 das 8h \u00e0s 11h e das 13 \u00e0s 16h, enquanto no Sesc segue das 8h \u00e0s 16h. No s\u00e1bado, 18, a aplica\u00e7\u00e3o das primeiras doses de todas as pessoas com 17 anos ou mais acontece no Sport Club, Sesc JF e no Pam Marechal, das 8h \u00e0s 13h nos tr\u00eas locais.\u00a0<b>As gr\u00e1vidas e pu\u00e9rperas de 12 a 17 anos\u00a0<\/b>seguem sendo vacinadas nas dez UBSs refer\u00eancia e no Departamento de Sa\u00fade da Mulher, Departamento de Sa\u00fade da Mulher, Gestante, Crian\u00e7a e Adolescente (DSMGCA), tanto na quinta quanto na sexta-feira. O DSMGCA realiza a vacina\u00e7\u00e3o das 8h \u00e0s 16h<\/p>\n<p><b>Documenta\u00e7\u00e3o necess\u00e1ria<\/b><\/p>\n<p>A Secretaria de Sa\u00fade pede para os adolescentes que v\u00e3o receber a vacina apresentarem originais e c\u00f3pias de documento de identifica\u00e7\u00e3o com foto &#8211; como documento de identidade (RG) e CPF (caso o n\u00famero do CPF n\u00e3o conste no RG), al\u00e9m do comprovante de resid\u00eancia, que ficar\u00e1 retido no local de vacina\u00e7\u00e3o. Caso o comprovante de resid\u00eancia n\u00e3o esteja no nome de quem vai ser vacinado, \u00e9 necess\u00e1rio apresentar c\u00f3pia do comprovante, do documento de identidade da pessoa que tem o nome no comprovante de resid\u00eancia e, ainda, a declara\u00e7\u00e3o de resid\u00eancia,\u00a0<a href=\"https:\/\/covid19.pjf.mg.gov.br\/arquivos\/modelo_declaracao_de_residencia.pdf\"><b>dispon\u00edvel no site da PJF<\/b><\/a>.<\/p>\n<p><b>Confira os endere\u00e7os dos locais de vacina\u00e7\u00e3o:<\/b><\/p>\n<p><b>Sesc Juiz de Fora<\/b><br \/>\nRua Oswaldo Aranha, 109, Centro<\/p>\n<p><b>10 UBSs:<\/b><br \/>\n<b>UBS Bairro Nossa Senhora de Lourdes,\u00a0<\/b>Rua In\u00e1cio Gama, 813;<br \/>\n<b>UBS Benfica,\u00a0<\/b>Rua Guararapes, 106;<br \/>\n<b>UBS Nossa Senhora Aparecida,\u00a0<\/b>Rua Nossa Senhora Aparecida, 775;<br \/>\n<b>UBS Santa Luzia,\u00a0<\/b>Rua Torre\u00f5es, s\/n\u00ba<br \/>\n<b>UBS S\u00e3o Pedro,\u00a0<\/b>Rua Jo\u00e3o Louren\u00e7o Kelmer, 1.433;<br \/>\n<b>UBS Vila Ideal,\u00a0<\/b>Avenida Francisco Valadares, 1.910<br \/>\n<b>UBS Milho Branco,\u00a0<\/b>Rua Nicolau Schuery, s\/n\u00ba<br \/>\n<b>UBS Progresso,\u00a0<\/b>Rua Jorge Knopp, n\u00ba 119<br \/>\n<b>UBS Santa Cec\u00edlia,\u00a0<\/b>Rua Gabriel Rodrigues, n\u00ba 900<br \/>\n<b>UBS Bandeirantes,\u00a0<\/b>Rua Laurindo Nocelli, n\u00ba 100<\/p>\n","protected":false},"excerpt":{"rendered":"<p>Os adolescentes de 17 anos completos, nascidos do m\u00eas de janeiro a junho, ser\u00e3o vacinados nesta quinta-feira, dia 16, no Sesc Juiz de Fora e em dez Unidades B\u00e1sicas de Sa\u00fade (UBSs). A abertura da vacina\u00e7\u00e3o deste p\u00fablico \u00e9 mais um importante avan\u00e7o na campanha de imuniza\u00e7\u00e3o contra a Covid-19, realizada pela Secretaria de Sa\u00fade [&hellip;]<\/p>\n","protected":false},"author":246,"featured_media":188368,"comment_status":"closed","ping_status":"closed","sticky":false,"template":"","format":"standard","meta":{"footnotes":""},"categories":[253,436,440],"tags":[],"class_list":["post-188367","post","type-post","status-publish","format-standard","has-post-thumbnail","hentry","category-cidade","category-destaque-da-semana","category-destaques-do-dia"],"_links":{"self":[{"href":"https:\/\/diarioregionaldigital.com.br\/index.php?rest_route=\/wp\/v2\/posts\/188367","targetHints":{"allow":["GET"]}}],"collection":[{"href":"https:\/\/diarioregionaldigital.com.br\/index.php?rest_route=\/wp\/v2\/posts"}],"about":[{"href":"https:\/\/diarioregionaldigital.com.br\/index.php?rest_route=\/wp\/v2\/types\/post"}],"author":[{"embeddable":true,"href":"https:\/\/diarioregionaldigital.com.br\/index.php?rest_route=\/wp\/v2\/users\/246"}],"replies":[{"embeddable":true,"href":"https:\/\/diarioregionaldigital.com.br\/index.php?rest_route=%2Fwp%2Fv2%2Fcomments&post=188367"}],"version-history":[{"count":1,"href":"https:\/\/diarioregionaldigital.com.br\/index.php?rest_route=\/wp\/v2\/posts\/188367\/revisions"}],"predecessor-version":[{"id":188369,"href":"https:\/\/diarioregionaldigital.com.br\/index.php?rest_route=\/wp\/v2\/posts\/188367\/revisions\/188369"}],"wp:featuredmedia":[{"embeddable":true,"href":"https:\/\/diarioregionaldigital.com.br\/index.php?rest_route=\/wp\/v2\/media\/188368"}],"wp:attachment":[{"href":"https:\/\/diarioregionaldigital.com.br\/index.php?rest_route=%2Fwp%2Fv2%2Fmedia&parent=188367"}],"wp:term":[{"taxonomy":"category","embeddable":true,"href":"https:\/\/diarioregionaldigital.com.br\/index.php?rest_route=%2Fwp%2Fv2%2Fcategories&post=188367"},{"taxonomy":"post_tag","embeddable":true,"href":"https:\/\/diarioregionaldigital.com.br\/index.php?rest_route=%2Fwp%2Fv2%2Ftags&post=188367"}],"curies":[{"name":"wp","href":"https:\/\/api.w.org\/{rel}","templated":true}]}}