{"id":188360,"date":"2021-09-15T18:22:28","date_gmt":"2021-09-15T21:22:28","guid":{"rendered":"https:\/\/diarioregionaldigital.com.br\/?p=188360"},"modified":"2021-09-15T18:22:28","modified_gmt":"2021-09-15T21:22:28","slug":"sindicato-de-jogadores-critica-proposta-de-copa-do-mundo-bienal","status":"publish","type":"post","link":"https:\/\/diarioregionaldigital.com.br\/?p=188360","title":{"rendered":"Sindicato de jogadores critica proposta de Copa do Mundo bienal"},"content":{"rendered":"<p>A Federa\u00e7\u00e3o Internacional de Jogadores de Futebol (FifPro) pediu reformas no calend\u00e1rio internacional do futebol para atender \u00e0 necessidade de redu\u00e7\u00e3o da carga de trabalho dos jogadores, ap\u00f3s a Fifa anunciar um estudo de viabilidade para transformar a Copa do Mundo em um evento bienal.<img decoding=\"async\" src=\"https:\/\/agenciabrasil.ebc.com.br\/ebc.png?id=1421630&amp;o=node\" \/><img decoding=\"async\" src=\"https:\/\/agenciabrasil.ebc.com.br\/ebc.gif?id=1421630&amp;o=node\" \/><\/p>\n<div class=\"post-item alt-font\">\n<div class=\"post-item-wrap\">\n<p>O FifPro disse que qualquer expans\u00e3o do calend\u00e1rio deve incluir salvaguardas adequadas para a sa\u00fade dos jogadores e que as reformas devem facilitar o desenvolvimento do futebol masculino e feminino.<\/p>\n<p>\u201cAs propostas que consideram expans\u00f5es adicionais, como uma Copa do Mundo bienal [bem como outras reformas de competi\u00e7\u00e3o em discuss\u00e3o] s\u00e3o inadequadas na aus\u00eancia de solu\u00e7\u00f5es para os problemas existentes\u201d, disse a entidade em um\u00a0<a href=\"https:\/\/www.fifpro.org\/en\/industry\/fifpro-calls-for-proper-negotiation-on-reforms-of-international-match-calendar\">comunicado<\/a>\u00a0nesta ter\u00e7a-feira (14).<\/p>\n<p>\u201cSem a concord\u00e2ncia dos jogadores, que d\u00e3o vida a todas as competi\u00e7\u00f5es em campo, essas reformas n\u00e3o ter\u00e3o a legitimidade necess\u00e1ria. O debate atual, mais uma vez, segue um processo e uma abordagem falhos\u201d, diz o comunicado.<\/p>\n<p>O secret\u00e1rio-geral do FifPro, Jonas Baer-Hoffmann, disse que qualquer plano para expandir as competi\u00e7\u00f5es deve integrar as vis\u00f5es dos jogadores.<\/p>\n<p>A proposta da Fifa de realizar as Copas do Mundo masculina e feminina a cada dois anos, em vez de quatro, recebeu respostas mistas de suas confedera\u00e7\u00f5es.<\/p>\n<p>A Uefa, \u00f3rg\u00e3o dirigente do futebol europeu, rejeitou a ideia, com seu presidente Aleksander Ceferin alertando que pa\u00edses europeus poderiam boicotar o evento caso se tornasse bienal, enquanto a sul-americana Conmebol disse ser \u201cinvi\u00e1vel\u201d.<\/p>\n<p>A Confedera\u00e7\u00e3o Asi\u00e1tica de Futebol (AFC) deu as boas-vindas ao estudo de viabilidade, enquanto a Confedera\u00e7\u00e3o das Associa\u00e7\u00f5es de Futebol da Am\u00e9rica do Norte, Central e do Caribe (Concacaf) reconheceu os m\u00e9ritos de criar um novo calend\u00e1rio.<\/p>\n<p>O presidente da Confedera\u00e7\u00e3o Africana de Futebol (CAF), Patrice Motsepe, disse que as discuss\u00f5es devem continuar \u201ccom a mente aberta\u201d.<\/p>\n<p><span style=\"font-weight: 400;\">Fonte: Ag\u00eancia Brasil <\/span><\/p>\n<\/div>\n<\/div>\n","protected":false},"excerpt":{"rendered":"<p>A Federa\u00e7\u00e3o Internacional de Jogadores de Futebol (FifPro) pediu reformas no calend\u00e1rio internacional do futebol para atender \u00e0 necessidade de redu\u00e7\u00e3o da carga de trabalho dos jogadores, ap\u00f3s a Fifa anunciar um estudo de viabilidade para transformar a Copa do Mundo em um evento bienal. O FifPro disse que qualquer expans\u00e3o do calend\u00e1rio deve incluir [&hellip;]<\/p>\n","protected":false},"author":246,"featured_media":188361,"comment_status":"closed","ping_status":"closed","sticky":false,"template":"","format":"standard","meta":{"footnotes":""},"categories":[436,257],"tags":[],"class_list":["post-188360","post","type-post","status-publish","format-standard","has-post-thumbnail","hentry","category-destaque-da-semana","category-esporte"],"_links":{"self":[{"href":"https:\/\/diarioregionaldigital.com.br\/index.php?rest_route=\/wp\/v2\/posts\/188360","targetHints":{"allow":["GET"]}}],"collection":[{"href":"https:\/\/diarioregionaldigital.com.br\/index.php?rest_route=\/wp\/v2\/posts"}],"about":[{"href":"https:\/\/diarioregionaldigital.com.br\/index.php?rest_route=\/wp\/v2\/types\/post"}],"author":[{"embeddable":true,"href":"https:\/\/diarioregionaldigital.com.br\/index.php?rest_route=\/wp\/v2\/users\/246"}],"replies":[{"embeddable":true,"href":"https:\/\/diarioregionaldigital.com.br\/index.php?rest_route=%2Fwp%2Fv2%2Fcomments&post=188360"}],"version-history":[{"count":1,"href":"https:\/\/diarioregionaldigital.com.br\/index.php?rest_route=\/wp\/v2\/posts\/188360\/revisions"}],"predecessor-version":[{"id":188362,"href":"https:\/\/diarioregionaldigital.com.br\/index.php?rest_route=\/wp\/v2\/posts\/188360\/revisions\/188362"}],"wp:featuredmedia":[{"embeddable":true,"href":"https:\/\/diarioregionaldigital.com.br\/index.php?rest_route=\/wp\/v2\/media\/188361"}],"wp:attachment":[{"href":"https:\/\/diarioregionaldigital.com.br\/index.php?rest_route=%2Fwp%2Fv2%2Fmedia&parent=188360"}],"wp:term":[{"taxonomy":"category","embeddable":true,"href":"https:\/\/diarioregionaldigital.com.br\/index.php?rest_route=%2Fwp%2Fv2%2Fcategories&post=188360"},{"taxonomy":"post_tag","embeddable":true,"href":"https:\/\/diarioregionaldigital.com.br\/index.php?rest_route=%2Fwp%2Fv2%2Ftags&post=188360"}],"curies":[{"name":"wp","href":"https:\/\/api.w.org\/{rel}","templated":true}]}}