{"id":188356,"date":"2021-09-15T18:20:20","date_gmt":"2021-09-15T21:20:20","guid":{"rendered":"https:\/\/diarioregionaldigital.com.br\/?p=188356"},"modified":"2021-09-15T18:20:20","modified_gmt":"2021-09-15T21:20:20","slug":"luisa-stefani-passara-por-cirurgia-para-reconstruir-ligamento-cruzado","status":"publish","type":"post","link":"https:\/\/diarioregionaldigital.com.br\/?p=188356","title":{"rendered":"Luisa Stefani passar\u00e1 por cirurgia para reconstruir ligamento cruzado"},"content":{"rendered":"<p>Medalhista de bronze na Olimp\u00edada de T\u00f3quio (Jap\u00e3o), a tenista Luisa Stefani ser\u00e1 submetida a uma cirurgia, em at\u00e9 duas semanas, para reconstru\u00e7\u00e3o do ligamento cruzado anterior do joelho direito, rompido durante o\u00a0<em>tie-break<\/em>\u00a0do primeiro\u00a0<em>set<\/em>\u00a0na semifinal de duplas femininas do US Open, na \u00faltima sexta-feira (10). Em v\u00eddeo publicado no Twitter nesta ter\u00e7a-feira (14), a paulista descreveu o tratamento e os avan\u00e7os na recupera\u00e7\u00e3o.<img decoding=\"async\" src=\"https:\/\/agenciabrasil.ebc.com.br\/ebc.png?id=1421643&amp;o=node\" \/><img decoding=\"async\" src=\"https:\/\/agenciabrasil.ebc.com.br\/ebc.gif?id=1421643&amp;o=node\" \/><\/p>\n<p>\u201cMeu corpo est\u00e1 recuperando aos poucos. Cada dia com menos incha\u00e7o no joelho, menos dor para movimentar. Passo grande parte do dia fazendo exerc\u00edcios de reabilita\u00e7\u00e3o, fortalecimento, mobilidade, gelo, elevando a perna, enfim, tentando fortalecer o m\u00e1ximo poss\u00edvel para a cirurgia\u201d, disse Lu\u00edsa.<\/p>\n<p>\u201cOs m\u00e9dicos me pediram um tempinho a mais para deixar baixar o incha\u00e7o e deixar o corpo recuperar um pouco sozinho. Mas estou progredindo muito bem, hoje [ter\u00e7a-feira] consegui andar at\u00e9 sem a muleta, fiquei muito feliz. Grande parte do processo \u00e9 mental, confiar que a perna aguenta. Estou indo passinho a passinho\u201d, completou a tenista brasileira de 24 anos.<\/p>\n<p>Luisa ganhou quatro posi\u00e7\u00f5es no\u00a0<em>ranking\u00a0<\/em>de duplas da Associa\u00e7\u00e3o de T\u00eanis Feminino (WTA) e assumiu o 13\u00ba lugar. \u00c9 a melhor coloca\u00e7\u00e3o de uma atleta do Brasil na hist\u00f3ria da lista, criada em 1975. Al\u00e9m disso, o desempenho no US Open, alcan\u00e7ando a semifinal feminina ao lado da canadense Gabriela Dabrowski, foi o mais positivo da tenista em um Grand Slam. Em julho, a paulista j\u00e1 tinha feito hist\u00f3ria ao conquistar, junto de Laura Pigossi, a primeira medalha ol\u00edmpica do pa\u00eds na modalidade: o bronze em T\u00f3quio.<\/p>\n<p>A brasileira deve retornar \u00e0s quadras somente daqui seis a oito meses (estimativa para atletas que sofrem les\u00e3o de ligamento cruzado). Como a dupla com Dabrowski era tempor\u00e1ria, devido a uma contus\u00e3o no p\u00e9 sofrida por Hayley Carter, parceira habitual de Luisa, que s\u00f3 volta a jogar em 2022, a expectativa \u00e9 que a paulista retome a equipe com a tenista norte-americana no ano que vem.<\/p>\n<p><span style=\"font-weight: 400;\"><br \/>\n<\/span><span style=\"font-weight: 400;\">Fonte: Ag\u00eancia Brasil <\/span><\/p>\n","protected":false},"excerpt":{"rendered":"<p>Medalhista de bronze na Olimp\u00edada de T\u00f3quio (Jap\u00e3o), a tenista Luisa Stefani ser\u00e1 submetida a uma cirurgia, em at\u00e9 duas semanas, para reconstru\u00e7\u00e3o do ligamento cruzado anterior do joelho direito, rompido durante o\u00a0tie-break\u00a0do primeiro\u00a0set\u00a0na semifinal de duplas femininas do US Open, na \u00faltima sexta-feira (10). Em v\u00eddeo publicado no Twitter nesta ter\u00e7a-feira (14), a paulista [&hellip;]<\/p>\n","protected":false},"author":246,"featured_media":188357,"comment_status":"closed","ping_status":"closed","sticky":false,"template":"","format":"standard","meta":{"footnotes":""},"categories":[436,257],"tags":[],"class_list":["post-188356","post","type-post","status-publish","format-standard","has-post-thumbnail","hentry","category-destaque-da-semana","category-esporte"],"_links":{"self":[{"href":"https:\/\/diarioregionaldigital.com.br\/index.php?rest_route=\/wp\/v2\/posts\/188356","targetHints":{"allow":["GET"]}}],"collection":[{"href":"https:\/\/diarioregionaldigital.com.br\/index.php?rest_route=\/wp\/v2\/posts"}],"about":[{"href":"https:\/\/diarioregionaldigital.com.br\/index.php?rest_route=\/wp\/v2\/types\/post"}],"author":[{"embeddable":true,"href":"https:\/\/diarioregionaldigital.com.br\/index.php?rest_route=\/wp\/v2\/users\/246"}],"replies":[{"embeddable":true,"href":"https:\/\/diarioregionaldigital.com.br\/index.php?rest_route=%2Fwp%2Fv2%2Fcomments&post=188356"}],"version-history":[{"count":2,"href":"https:\/\/diarioregionaldigital.com.br\/index.php?rest_route=\/wp\/v2\/posts\/188356\/revisions"}],"predecessor-version":[{"id":188359,"href":"https:\/\/diarioregionaldigital.com.br\/index.php?rest_route=\/wp\/v2\/posts\/188356\/revisions\/188359"}],"wp:featuredmedia":[{"embeddable":true,"href":"https:\/\/diarioregionaldigital.com.br\/index.php?rest_route=\/wp\/v2\/media\/188357"}],"wp:attachment":[{"href":"https:\/\/diarioregionaldigital.com.br\/index.php?rest_route=%2Fwp%2Fv2%2Fmedia&parent=188356"}],"wp:term":[{"taxonomy":"category","embeddable":true,"href":"https:\/\/diarioregionaldigital.com.br\/index.php?rest_route=%2Fwp%2Fv2%2Fcategories&post=188356"},{"taxonomy":"post_tag","embeddable":true,"href":"https:\/\/diarioregionaldigital.com.br\/index.php?rest_route=%2Fwp%2Fv2%2Ftags&post=188356"}],"curies":[{"name":"wp","href":"https:\/\/api.w.org\/{rel}","templated":true}]}}