{"id":188353,"date":"2021-09-15T18:15:05","date_gmt":"2021-09-15T21:15:05","guid":{"rendered":"https:\/\/diarioregionaldigital.com.br\/?p=188353"},"modified":"2021-09-15T18:15:05","modified_gmt":"2021-09-15T21:15:05","slug":"horas-apos-deixar-fluminense-nene-e-anunciado-como-reforco-do-vasco","status":"publish","type":"post","link":"https:\/\/diarioregionaldigital.com.br\/?p=188353","title":{"rendered":"Horas ap\u00f3s deixar Fluminense, Nen\u00ea \u00e9 anunciado como refor\u00e7o do Vasco"},"content":{"rendered":"<p>O meia Nen\u00ea est\u00e1 de volta ao Vasco. O jogador de 40 anos foi\u00a0<a href=\"https:\/\/vasco.com.br\/vasco-acerta-o-retorno-do-meio-campo-nene\/\">anunciado<\/a>\u00a0pelo Cruzmaltino nesta ter\u00e7a-feira (14) \u00e0 noite, menos de duas horas e meia ap\u00f3s o Fluminense comunicar, por meio de\u00a0<a href=\"http:\/\/www.fluminense.com.br\/noticia\/comunicado-nene\">nota<\/a>\u00a0oficial, o desligamento do atleta.<img decoding=\"async\" src=\"https:\/\/agenciabrasil.ebc.com.br\/ebc.png?id=1421632&amp;o=node\" \/><img decoding=\"async\" src=\"https:\/\/agenciabrasil.ebc.com.br\/ebc.gif?id=1421632&amp;o=node\" \/><\/p>\n<p>O retorno de Nen\u00ea ao Gigante da Colina se d\u00e1 quase quatro anos ap\u00f3s o fim da primeira passagem, que durou tr\u00eas temporadas, entre 2015 e o in\u00edcio de 2018. Foram 132 jogos, com 33 assist\u00eancias e 44 gols. Ele \u00e9 o quarto maior artilheiro do Vasco no s\u00e9culo 21, atr\u00e1s de Rom\u00e1rio (131 gols), \u00c9lton (52) e Leandro Amaral (51). Pelo clube, o meia foi campe\u00e3o carioca em 2016 e integrou o elenco que se classificou \u00e0 Libertadores pelo Campeonato Brasileiro de 2017. O novo contrato \u00e9 v\u00e1lido at\u00e9 o fim de 2022.<\/p>\n<p>Nen\u00ea estava no Fluminense desde 2019, quando deixou o S\u00e3o Paulo. Foram 118 jogos e 28 gols pelo Tricolor carioca. Titular durante a maior parte da passagem pelo clube, o meia foi perdendo espa\u00e7o de agosto para c\u00e1. Reserva nas \u00faltimas nove partidas, o veterano esteve em campo por apenas 77 minutos neste per\u00edodo, sequer saindo do banco em tr\u00eas ocasi\u00f5es.<\/p>\n<p>Para reestrear pelo Vasco, Nen\u00ea precisa ter o nome publicado no Boletim Informativo Di\u00e1rio (BID) da Confedera\u00e7\u00e3o Brasileira de Futebol (CBF) antes de a delega\u00e7\u00e3o viajar para Macei\u00f3, onde encara o CRB nesta quinta-feira (16), \u00e0s 19h (hor\u00e1rio de Bras\u00edlia), pela 24\u00aa rodada da S\u00e9rie B do Campeonato Brasileiro. A rescis\u00e3o do atleta com o Fluminense j\u00e1 aparece no BID.<\/p>\n<p><span style=\"font-weight: 400;\"><br \/>\n<\/span><span style=\"font-weight: 400;\">Fonte: Ag\u00eancia Brasil <\/span><\/p>\n","protected":false},"excerpt":{"rendered":"<p>O meia Nen\u00ea est\u00e1 de volta ao Vasco. O jogador de 40 anos foi\u00a0anunciado\u00a0pelo Cruzmaltino nesta ter\u00e7a-feira (14) \u00e0 noite, menos de duas horas e meia ap\u00f3s o Fluminense comunicar, por meio de\u00a0nota\u00a0oficial, o desligamento do atleta. O retorno de Nen\u00ea ao Gigante da Colina se d\u00e1 quase quatro anos ap\u00f3s o fim da primeira [&hellip;]<\/p>\n","protected":false},"author":246,"featured_media":188354,"comment_status":"closed","ping_status":"closed","sticky":false,"template":"","format":"standard","meta":{"footnotes":""},"categories":[440,257],"tags":[],"class_list":["post-188353","post","type-post","status-publish","format-standard","has-post-thumbnail","hentry","category-destaques-do-dia","category-esporte"],"_links":{"self":[{"href":"https:\/\/diarioregionaldigital.com.br\/index.php?rest_route=\/wp\/v2\/posts\/188353","targetHints":{"allow":["GET"]}}],"collection":[{"href":"https:\/\/diarioregionaldigital.com.br\/index.php?rest_route=\/wp\/v2\/posts"}],"about":[{"href":"https:\/\/diarioregionaldigital.com.br\/index.php?rest_route=\/wp\/v2\/types\/post"}],"author":[{"embeddable":true,"href":"https:\/\/diarioregionaldigital.com.br\/index.php?rest_route=\/wp\/v2\/users\/246"}],"replies":[{"embeddable":true,"href":"https:\/\/diarioregionaldigital.com.br\/index.php?rest_route=%2Fwp%2Fv2%2Fcomments&post=188353"}],"version-history":[{"count":1,"href":"https:\/\/diarioregionaldigital.com.br\/index.php?rest_route=\/wp\/v2\/posts\/188353\/revisions"}],"predecessor-version":[{"id":188355,"href":"https:\/\/diarioregionaldigital.com.br\/index.php?rest_route=\/wp\/v2\/posts\/188353\/revisions\/188355"}],"wp:featuredmedia":[{"embeddable":true,"href":"https:\/\/diarioregionaldigital.com.br\/index.php?rest_route=\/wp\/v2\/media\/188354"}],"wp:attachment":[{"href":"https:\/\/diarioregionaldigital.com.br\/index.php?rest_route=%2Fwp%2Fv2%2Fmedia&parent=188353"}],"wp:term":[{"taxonomy":"category","embeddable":true,"href":"https:\/\/diarioregionaldigital.com.br\/index.php?rest_route=%2Fwp%2Fv2%2Fcategories&post=188353"},{"taxonomy":"post_tag","embeddable":true,"href":"https:\/\/diarioregionaldigital.com.br\/index.php?rest_route=%2Fwp%2Fv2%2Ftags&post=188353"}],"curies":[{"name":"wp","href":"https:\/\/api.w.org\/{rel}","templated":true}]}}