{"id":188350,"date":"2021-09-15T18:05:53","date_gmt":"2021-09-15T21:05:53","guid":{"rendered":"https:\/\/diarioregionaldigital.com.br\/?p=188350"},"modified":"2021-09-15T18:05:53","modified_gmt":"2021-09-15T21:05:53","slug":"senado-devolve-mp-que-dificulta-exclusao-de-conteudos-de-redes-sociais","status":"publish","type":"post","link":"https:\/\/diarioregionaldigital.com.br\/?p=188350","title":{"rendered":"Senado devolve MP que dificulta exclus\u00e3o de conte\u00fados de redes sociais"},"content":{"rendered":"<p>O presidente do Senado, Rodrigo Pacheco (DEM-MG), anunciou no in\u00edcio da noite de hoje (14) a devolu\u00e7\u00e3o da Medida Provis\u00f3ria (MP) 1.068\/2021. A MP,\u00a0<a href=\"https:\/\/agenciabrasil.ebc.com.br\/geral\/noticia\/2021-09\/medida-provisoria-muda-regras-de-moderacao-em-redes-sociais\" target=\"_blank\" rel=\"noopener\">editada pelo governo no dia 6 de setembro<\/a>, alterava regras de modera\u00e7\u00e3o de conte\u00fado e de perfis em redes sociais, criando obst\u00e1culos para os moderadores de tais ferramentas exclu\u00edrem os conte\u00fados que julgarem falsos, por exemplo.<img decoding=\"async\" src=\"https:\/\/agenciabrasil.ebc.com.br\/ebc.png?id=1421631&amp;o=node\" \/><img decoding=\"async\" src=\"https:\/\/agenciabrasil.ebc.com.br\/ebc.gif?id=1421631&amp;o=node\" \/><\/p>\n<p>Pacheco leu no plen\u00e1rio o Ato de Devolu\u00e7\u00e3o da Medida Provis\u00f3ria e citou mais de um motivo para rejeitar o texto editado pelo presidente da Rep\u00fablica. Segundo Pacheco, a MP trata de assuntos que, por previs\u00e3o constitucional, n\u00e3o podem ser tratados por tal instrumento legal.<\/p>\n<p>Segundo o presidente do Senado, a MP tratava de quest\u00f5es relativas ao exerc\u00edcio de direitos pol\u00edticos, \u00e0 liberdade de express\u00e3o, comunica\u00e7\u00e3o e manifesta\u00e7\u00e3o de pensamento. Essas s\u00e3o, segundo ele, \u201cmat\u00e9rias absolutamente vedadas de regramento por meio do instrumento da medida provis\u00f3ria, conforme expressamente previsto na Constitui\u00e7\u00e3o Federal\u201d.<\/p>\n<p>A Constitui\u00e7\u00e3o tamb\u00e9m veda, segundo explicou o presidente da Casa, o tratamento, por medida provis\u00f3ria, de disposi\u00e7\u00f5es que impactem diretamente no processo eleitoral, algo que a MP 1.068\/2021 tamb\u00e9m faz. Nesse caso, a MP vedava aos provedores de redes sociais a ado\u00e7\u00e3o de crit\u00e9rios de modera\u00e7\u00e3o ou limita\u00e7\u00e3o do alcance da divulga\u00e7\u00e3o de conte\u00fado que \u201cimpliquem censura de ordem pol\u00edtica, ideol\u00f3gica, cient\u00edfica, art\u00edstica ou religiosa\u201d.<\/p>\n<p>Al\u00e9m disso, Pacheco afirmou que o tema \u00e9 alvo de debates no Congresso Nacional, com a discuss\u00e3o do Projeto de Lei (PL) 2.630\/20. O projeto, que visa combater a dissemina\u00e7\u00e3o de not\u00edcias falsas em redes sociais,\u00a0<a href=\"https:\/\/agenciabrasil.ebc.com.br\/politica\/noticia\/2020-06\/senado-aprova-pl-das-fake-news-projeto-segue-para-camara\" target=\"_blank\" rel=\"noopener\">foi aprovado no Senado<\/a>\u00a0e est\u00e1 em debate na C\u00e2mara. Na vis\u00e3o de Pacheco, o PL trata de \u201cuma mat\u00e9ria de alta complexidade t\u00e9cnica e elevada sensibilidade jur\u00eddico-constitucional para o qual o Congresso Nacional j\u00e1 est\u00e1 direcionando seu esfor\u00e7o anal\u00edtico e deliberativo\u201d.<\/p>\n<p>\u201cFoi encaminhada ao Excelent\u00edssimo Senhor Presidente da Rep\u00fablica a mensagem, que rejeita sumariamente e devolve a Medida Provis\u00f3ria n\u00ba 1.068, de 2021\u201d, leu Pacheco em plen\u00e1rio.<\/p>\n<p>O presidente do Senado recebeu elogios de v\u00e1rios de seus pares. Antonio Anastasia (PSD-MG), por exemplo, acrescentou que os pareceres da Ordem dos Advogados do Brasil (OAB) e do pr\u00f3prio Procurador-Geral da Rep\u00fablica, Augusto Aras, motivariam a queda dos efeitos da MP pelas vias jur\u00eddicas caso o presidente do Senado n\u00e3o tivesse se pronunciado.<\/p>\n<p><span style=\"font-weight: 400;\">Fonte: Ag\u00eancia Brasil <\/span><\/p>\n","protected":false},"excerpt":{"rendered":"<p>O presidente do Senado, Rodrigo Pacheco (DEM-MG), anunciou no in\u00edcio da noite de hoje (14) a devolu\u00e7\u00e3o da Medida Provis\u00f3ria (MP) 1.068\/2021. A MP,\u00a0editada pelo governo no dia 6 de setembro, alterava regras de modera\u00e7\u00e3o de conte\u00fado e de perfis em redes sociais, criando obst\u00e1culos para os moderadores de tais ferramentas exclu\u00edrem os conte\u00fados que [&hellip;]<\/p>\n","protected":false},"author":246,"featured_media":188351,"comment_status":"closed","ping_status":"closed","sticky":false,"template":"","format":"standard","meta":{"footnotes":""},"categories":[436,254],"tags":[],"class_list":["post-188350","post","type-post","status-publish","format-standard","has-post-thumbnail","hentry","category-destaque-da-semana","category-politica"],"_links":{"self":[{"href":"https:\/\/diarioregionaldigital.com.br\/index.php?rest_route=\/wp\/v2\/posts\/188350","targetHints":{"allow":["GET"]}}],"collection":[{"href":"https:\/\/diarioregionaldigital.com.br\/index.php?rest_route=\/wp\/v2\/posts"}],"about":[{"href":"https:\/\/diarioregionaldigital.com.br\/index.php?rest_route=\/wp\/v2\/types\/post"}],"author":[{"embeddable":true,"href":"https:\/\/diarioregionaldigital.com.br\/index.php?rest_route=\/wp\/v2\/users\/246"}],"replies":[{"embeddable":true,"href":"https:\/\/diarioregionaldigital.com.br\/index.php?rest_route=%2Fwp%2Fv2%2Fcomments&post=188350"}],"version-history":[{"count":1,"href":"https:\/\/diarioregionaldigital.com.br\/index.php?rest_route=\/wp\/v2\/posts\/188350\/revisions"}],"predecessor-version":[{"id":188352,"href":"https:\/\/diarioregionaldigital.com.br\/index.php?rest_route=\/wp\/v2\/posts\/188350\/revisions\/188352"}],"wp:featuredmedia":[{"embeddable":true,"href":"https:\/\/diarioregionaldigital.com.br\/index.php?rest_route=\/wp\/v2\/media\/188351"}],"wp:attachment":[{"href":"https:\/\/diarioregionaldigital.com.br\/index.php?rest_route=%2Fwp%2Fv2%2Fmedia&parent=188350"}],"wp:term":[{"taxonomy":"category","embeddable":true,"href":"https:\/\/diarioregionaldigital.com.br\/index.php?rest_route=%2Fwp%2Fv2%2Fcategories&post=188350"},{"taxonomy":"post_tag","embeddable":true,"href":"https:\/\/diarioregionaldigital.com.br\/index.php?rest_route=%2Fwp%2Fv2%2Ftags&post=188350"}],"curies":[{"name":"wp","href":"https:\/\/api.w.org\/{rel}","templated":true}]}}