{"id":188343,"date":"2021-09-15T18:00:06","date_gmt":"2021-09-15T21:00:06","guid":{"rendered":"https:\/\/diarioregionaldigital.com.br\/?p=188343"},"modified":"2021-09-15T18:00:06","modified_gmt":"2021-09-15T21:00:06","slug":"governo-lanca-parceria-com-estados-no-programa-casa-verde-e-amarela","status":"publish","type":"post","link":"https:\/\/diarioregionaldigital.com.br\/?p=188343","title":{"rendered":"Governo lan\u00e7a parceria com estados no Programa Casa Verde e Amarela"},"content":{"rendered":"<p>O governo anunciou hoje (15) uma nova modalidade do seu programa habitacional, o Casa Verde Amarela Parcerias, na qual estados e munic\u00edpios v\u00e3o entrar com contrapartida de 20% do valor das moradias, que pode incluir o terreno do empreendimento. Em troca, o valor de entrada no im\u00f3vel pr\u00f3prio para fam\u00edlias com renda mensal de at\u00e9 R$ 4 mil ser\u00e1 reduzido ou zerado.<\/p>\n<p>Dez estados j\u00e1 aderiram ao Parcerias: Paran\u00e1, Mato Grosso, Mato Grosso do Sul, Rio de Janeiro, Minas Gerais, Roraima, Bahia, Cear\u00e1, Pernambuco e Alagoas.<\/p>\n<p>As mudan\u00e7as no programa foram anunciadas durante evento no Pal\u00e1cio do Planalto, com a presen\u00e7a do presidente Jair Bolsonaro. Segundo o Minist\u00e9rio do Desenvolvimento Regional, o objetivo \u00e9 adequar algumas m\u00e9tricas ao cen\u00e1rio atual e, com isso, atrair o mercado da constru\u00e7\u00e3o civil e imobili\u00e1rio para novas contrata\u00e7\u00f5es, al\u00e9m de facilitar a contrata\u00e7\u00e3o de financiamentos para as fam\u00edlias.<\/p>\n<p>Uma das medidas anunciadas \u00e9 a amplia\u00e7\u00e3o do subs\u00eddio para os cidad\u00e3os darem entrada no im\u00f3vel, especialmente nas regi\u00f5es Norte e Nordeste. O valor m\u00e9dio dos subs\u00eddios que antes era de R$ 23 mil passa para R$ 35 mil, a depender da composi\u00e7\u00e3o familiar. As fam\u00edlias do Grupo 1, com renda de at\u00e9 R$ 2 mil, passam a contar com subs\u00eddio de at\u00e9 R$ 47,5 mil para entrada.<img decoding=\"async\" src=\"https:\/\/agenciabrasil.ebc.com.br\/ebc.png?id=1421703&amp;o=node\" \/><img decoding=\"async\" src=\"https:\/\/agenciabrasil.ebc.com.br\/ebc.gif?id=1421703&amp;o=node\" \/><\/p>\n<p>O governo tamb\u00e9m vai ampliar os recursos para financiamentos por meio do Fundo de Garantia do Tempo de Servi\u00e7o (FGTS) para os anos de 2022 a 2024. Para o ano que vem, o aumento ser\u00e1 de 10%, passando de R$ 56 bilh\u00f5es para R$ 61 bilh\u00f5es para o programa, em termos absolutos. Em 2023 e 2024, os valores ser\u00e3o de R$ 64 bilh\u00f5es e R$ 67 bilh\u00f5es, respectivamente.<\/p>\n<p><strong>Taxas de juros<\/strong><\/p>\n<p>O governo tamb\u00e9m vai estender as taxas de juros mais baixas aos mutu\u00e1rios do Grupo 1 do programa, que s\u00e3o de pessoas com renda familiar at\u00e9 R$ 2 mil. As taxas s\u00e3o de 4,25% ao ano no Norte e Nordeste e de 4,5% ao ano nas demais regi\u00f5es. At\u00e9 ent\u00e3o, as taxas para esse p\u00fablico eram calculadas conforme a renda da fam\u00edlia e o valor dos im\u00f3veis.<\/p>\n<p>O Grupo 3, de fam\u00edlias com renda de R$ 4 a R$ 7 mil, tamb\u00e9m ser\u00e1 beneficiado com redu\u00e7\u00e3o de 0,5% nos juros at\u00e9 o final de 2022. As taxas m\u00ednimas passar\u00e3o de 7,66% ao ano para 7,16% ao ano.<\/p>\n<p>Outra mudan\u00e7a \u00e9 no valor m\u00e1ximo dos im\u00f3veis a serem financiados com recursos do FGTS, que ser\u00e3o reajustados em at\u00e9 15%, a depender do tamanho do munic\u00edpio. A medida atende a uma demanda do setor da constru\u00e7\u00e3o civil, diante do aumento do custo nos insumos do setor nos \u00faltimos anos, principalmente com a pandemia de covid-19.<\/p>\n<p>O governo ainda vai ampliar o prazo de entrega das moradias contratadas por meio de ofertas p\u00fablicas realizadas em governo anteriores, que deveriam ter sido entregues at\u00e9 2018. Com isso, ser\u00e3o retomadas as obras de cerca de 27 mil resid\u00eancias em munic\u00edpios menores de 50 mil habitantes.<\/p>\n<p>O Programa Casa Verde e Amarela foi lan\u00e7ado em agosto de 2020, em substitui\u00e7\u00e3o do Programa Minha Casa Minha Vida. Al\u00e9m da constru\u00e7\u00e3o de casas e apartamentos com recursos do FGTS, o Casa Verde e Amarela inclui regulariza\u00e7\u00e3o fundi\u00e1ria, melhoria de resid\u00eancias, al\u00e9m de outras a\u00e7\u00f5es, como loca\u00e7\u00e3o social.<\/p>\n<p><span style=\"font-weight: 400;\">Fonte: Ag\u00eancia Brasil <\/span><\/p>\n","protected":false},"excerpt":{"rendered":"<p>O governo anunciou hoje (15) uma nova modalidade do seu programa habitacional, o Casa Verde Amarela Parcerias, na qual estados e munic\u00edpios v\u00e3o entrar com contrapartida de 20% do valor das moradias, que pode incluir o terreno do empreendimento. Em troca, o valor de entrada no im\u00f3vel pr\u00f3prio para fam\u00edlias com renda mensal de at\u00e9 [&hellip;]<\/p>\n","protected":false},"author":246,"featured_media":188344,"comment_status":"closed","ping_status":"closed","sticky":false,"template":"","format":"standard","meta":{"footnotes":""},"categories":[436,254],"tags":[],"class_list":["post-188343","post","type-post","status-publish","format-standard","has-post-thumbnail","hentry","category-destaque-da-semana","category-politica"],"_links":{"self":[{"href":"https:\/\/diarioregionaldigital.com.br\/index.php?rest_route=\/wp\/v2\/posts\/188343","targetHints":{"allow":["GET"]}}],"collection":[{"href":"https:\/\/diarioregionaldigital.com.br\/index.php?rest_route=\/wp\/v2\/posts"}],"about":[{"href":"https:\/\/diarioregionaldigital.com.br\/index.php?rest_route=\/wp\/v2\/types\/post"}],"author":[{"embeddable":true,"href":"https:\/\/diarioregionaldigital.com.br\/index.php?rest_route=\/wp\/v2\/users\/246"}],"replies":[{"embeddable":true,"href":"https:\/\/diarioregionaldigital.com.br\/index.php?rest_route=%2Fwp%2Fv2%2Fcomments&post=188343"}],"version-history":[{"count":1,"href":"https:\/\/diarioregionaldigital.com.br\/index.php?rest_route=\/wp\/v2\/posts\/188343\/revisions"}],"predecessor-version":[{"id":188345,"href":"https:\/\/diarioregionaldigital.com.br\/index.php?rest_route=\/wp\/v2\/posts\/188343\/revisions\/188345"}],"wp:featuredmedia":[{"embeddable":true,"href":"https:\/\/diarioregionaldigital.com.br\/index.php?rest_route=\/wp\/v2\/media\/188344"}],"wp:attachment":[{"href":"https:\/\/diarioregionaldigital.com.br\/index.php?rest_route=%2Fwp%2Fv2%2Fmedia&parent=188343"}],"wp:term":[{"taxonomy":"category","embeddable":true,"href":"https:\/\/diarioregionaldigital.com.br\/index.php?rest_route=%2Fwp%2Fv2%2Fcategories&post=188343"},{"taxonomy":"post_tag","embeddable":true,"href":"https:\/\/diarioregionaldigital.com.br\/index.php?rest_route=%2Fwp%2Fv2%2Ftags&post=188343"}],"curies":[{"name":"wp","href":"https:\/\/api.w.org\/{rel}","templated":true}]}}