{"id":188333,"date":"2021-09-15T16:59:22","date_gmt":"2021-09-15T19:59:22","guid":{"rendered":"https:\/\/diarioregionaldigital.com.br\/?p=188333"},"modified":"2021-09-15T16:59:22","modified_gmt":"2021-09-15T19:59:22","slug":"bc-publica-relatorio-e-normas-sobre-gestao-de-riscos-climaticos","status":"publish","type":"post","link":"https:\/\/diarioregionaldigital.com.br\/?p=188333","title":{"rendered":"BC publica relat\u00f3rio e normas sobre gest\u00e3o de riscos clim\u00e1ticos"},"content":{"rendered":"<p>O Banco Central (BC) publicou hoje (15) um conjunto de normas que tratam da gest\u00e3o de riscos sociais, ambientais e clim\u00e1ticas no \u00e2mbito do sistema financeiro. A autarquia divulgou ainda o primeiro\u00a0<a href=\"https:\/\/www.bcb.gov.br\/publicacoes\/relatorio-risco-oportunidade\" target=\"_blank\" rel=\"noopener\">Relat\u00f3rio de Riscos e Oportunidades Sociais, Ambientais e Clim\u00e1ticas<\/a>, que apresenta as a\u00e7\u00f5es do BC na dimens\u00e3o sustentabilidade da\u00a0<a href=\"https:\/\/www.bcb.gov.br\/acessoinformacao\/bchashtag\" target=\"_blank\" rel=\"noopener\">Agenda BC#<\/a>, que re\u00fane as estrat\u00e9gias do banco na promo\u00e7\u00e3o da estabilidade financeira do pa\u00eds.<img decoding=\"async\" src=\"https:\/\/agenciabrasil.ebc.com.br\/ebc.png?id=1421696&amp;o=node\" \/><img decoding=\"async\" src=\"https:\/\/agenciabrasil.ebc.com.br\/ebc.gif?id=1421696&amp;o=node\" \/><\/p>\n<p>De acordo com o presidente do BC, Roberto Campo Neto, h\u00e1 uma rela\u00e7\u00e3o clara desses riscos sociais, ambientais e clim\u00e1ticas com os riscos tradicionais das institui\u00e7\u00f5es financeiras, como de cr\u00e9dito, operacional e os pr\u00f3prios do mercado, capazes de afetar a pol\u00edtica monet\u00e1ria e o equil\u00edbrio do sistema financeiro. \u201cChoques ambientais e clim\u00e1ticos podem afetar a taxa de infla\u00e7\u00e3o. Esses choques s\u00e3o dif\u00edceis de prever, afetam a oferta e, assim, s\u00e3o mais dif\u00edceis para a pol\u00edtica monet\u00e1ria\u201d, disse.<\/p>\n<p>Ele citou choques clim\u00e1ticos recentes como, por exemplo, as ondas de calor na Am\u00e9rica do Sul, geadas no Sul do pa\u00eds e a atual crise h\u00eddrica que afetam o pre\u00e7o dos alimentos e da energia e trazem impactos negativos sobre a infla\u00e7\u00e3o. \u201cNo longo prazo, esses choques podem ter efeitos duradouros, afetam a produtividade e o crescimento econ\u00f4mico de longo prazo e, portanto, a taxa de juros neutra [aquela adequada para estimular a economia sem gerar instabilidade na infla\u00e7\u00e3o]\u201d, explicou.<\/p>\n<p>Nesse sentido, segundo Campo Neto, os bancos centrais em todo o mundo precisam avaliar as vulnerabilidades do sistema financeiro em rela\u00e7\u00e3o a esses riscos que podem provocar mudan\u00e7as nas avalia\u00e7\u00f5es de ativos e perdas para o sistema. Segundo ele, especialmente na \u00faltima d\u00e9cada, o BC tem implementado medidas relacionadas ao assunto, como agora, com essas entregas da dimens\u00e3o de sustentabilidade de sua agenda de trabalho.<\/p>\n<p>O pilar de sustentabilidade da Agenda BC# foi lan\u00e7ado em setembro do ano passado e tem diversos tipos de a\u00e7\u00f5es internas, pol\u00edticas, regulat\u00f3rias e de supervis\u00e3o e de parcerias.<\/p>\n<p><strong>Novas normas<\/strong><\/p>\n<p>Os novos normativos publicados s\u00e3o o resultado das consultas p\u00fablicas n\u00ba 82, n\u00ba 85 e n\u00ba 86, realizadas pelo BC, e tem o objetivo de trazer maior compreens\u00e3o desses riscos por parte das institui\u00e7\u00f5es financeiras e demais atores do sistema, reduzir as assimetrias de informa\u00e7\u00e3o e favorecer o desenvolvimento do cr\u00e9dito e das finan\u00e7as sustent\u00e1veis.<\/p>\n<p>Eles tratam do fortalecimento das regras de gerenciamento desses riscos, com a exig\u00eancia da elabora\u00e7\u00e3o de uma Pol\u00edtica de Responsabilidade Social, Ambiental e Clim\u00e1tica (PRSAC) pelas institui\u00e7\u00f5es do Sistema Financeiro Nacional (SFN). Al\u00e9m disso, os normativos padronizam a divulga\u00e7\u00e3o, por essas institui\u00e7\u00f5es, de informa\u00e7\u00f5es sobre riscos e oportunidades sociais, ambientais e clim\u00e1ticas, aumentando a transpar\u00eancia.<\/p>\n<p>Tamb\u00e9m integra o conjunto de normas, uma resolu\u00e7\u00e3o do BC que trata de impedimentos legais e infralegais existentes relacionados a quest\u00f5es sociais, ambientais e clim\u00e1ticas na contrata\u00e7\u00e3o de cr\u00e9dito rural. Esses impedimentos j\u00e1 s\u00e3o verificados pelas institui\u00e7\u00f5es financeiras e, agora, o BC colocar\u00e1 uma segunda linha de defesa, em que um sistema pr\u00f3prio vai reconhecer esse risco<\/p>\n<p>J\u00e1 est\u00e3o automatizados, por exemplo, a exig\u00eancia de Cadastro Ambiental Rural (CAR) e as informa\u00e7\u00f5es sobre utiliza\u00e7\u00e3o de trabalho em condi\u00e7\u00f5es an\u00e1logas \u00e0 de escravo. At\u00e9 o pr\u00f3ximo Plano Safra, o BC quer incluir no sistema os impedimentos de sobreposi\u00e7\u00f5es de cultivo em unidades de conserva\u00e7\u00e3o, terras ind\u00edgenas e quilombolas e em \u00e1reas embargadas da Amaz\u00f4nia.<\/p>\n<p><strong>Gest\u00e3o dos riscos<\/strong><\/p>\n<p>De acordo com o BC, as iniciativas est\u00e3o alinhadas com as recentes recomenda\u00e7\u00f5es e tend\u00eancias internacionais em torno da gest\u00e3o dos riscos clim\u00e1ticos e ambientais, e da transpar\u00eancia em rela\u00e7\u00e3o a eles. O Relat\u00f3rio de Riscos e Oportunidades Sociais, Ambientais e Clim\u00e1ticas, que trata das frentes de trabalho do banco, est\u00e1 dispon\u00edvel na p\u00e1gina do BC.<\/p>\n<p>No risco clim\u00e1tico h\u00e1 dois componentes principais, o f\u00edsico e o de transi\u00e7\u00e3o. O f\u00edsico diz respeito a perdas financeiras com eventos extremos, como secas ou chuvas extremas, que podem trazer riscos operacionais e de cr\u00e9dito, j\u00e1 que esses eventos t\u00eam impacto na produtividade das empresas. O risco de transi\u00e7\u00e3o trata, por exemplo, do valor das reservas de petr\u00f3leo, caso o processo de transi\u00e7\u00e3o para a economia de baixo carbono aconte\u00e7a de forma mais r\u00e1pida e intensa.<\/p>\n<p>O risco ambiental est\u00e1 associado, por exemplo, ao financiamento de empreendimentos que devem cumprir exig\u00eancias ambientais e est\u00e3o sujeitos a embargos. J\u00e1 o risco social trata da pr\u00f3pria percep\u00e7\u00e3o dos clientes sobre as institui\u00e7\u00f5es financeiras, o que pode impactar a realiza\u00e7\u00e3o de neg\u00f3cios.<\/p>\n<p><span style=\"font-weight: 400;\">Fonte: Ag\u00eancia Brasil <\/span><\/p>\n","protected":false},"excerpt":{"rendered":"<p>O Banco Central (BC) publicou hoje (15) um conjunto de normas que tratam da gest\u00e3o de riscos sociais, ambientais e clim\u00e1ticas no \u00e2mbito do sistema financeiro. A autarquia divulgou ainda o primeiro\u00a0Relat\u00f3rio de Riscos e Oportunidades Sociais, Ambientais e Clim\u00e1ticas, que apresenta as a\u00e7\u00f5es do BC na dimens\u00e3o sustentabilidade da\u00a0Agenda BC#, que re\u00fane as estrat\u00e9gias [&hellip;]<\/p>\n","protected":false},"author":246,"featured_media":188334,"comment_status":"closed","ping_status":"closed","sticky":false,"template":"","format":"standard","meta":{"footnotes":""},"categories":[436,261],"tags":[],"class_list":["post-188333","post","type-post","status-publish","format-standard","has-post-thumbnail","hentry","category-destaque-da-semana","category-economia"],"_links":{"self":[{"href":"https:\/\/diarioregionaldigital.com.br\/index.php?rest_route=\/wp\/v2\/posts\/188333","targetHints":{"allow":["GET"]}}],"collection":[{"href":"https:\/\/diarioregionaldigital.com.br\/index.php?rest_route=\/wp\/v2\/posts"}],"about":[{"href":"https:\/\/diarioregionaldigital.com.br\/index.php?rest_route=\/wp\/v2\/types\/post"}],"author":[{"embeddable":true,"href":"https:\/\/diarioregionaldigital.com.br\/index.php?rest_route=\/wp\/v2\/users\/246"}],"replies":[{"embeddable":true,"href":"https:\/\/diarioregionaldigital.com.br\/index.php?rest_route=%2Fwp%2Fv2%2Fcomments&post=188333"}],"version-history":[{"count":1,"href":"https:\/\/diarioregionaldigital.com.br\/index.php?rest_route=\/wp\/v2\/posts\/188333\/revisions"}],"predecessor-version":[{"id":188335,"href":"https:\/\/diarioregionaldigital.com.br\/index.php?rest_route=\/wp\/v2\/posts\/188333\/revisions\/188335"}],"wp:featuredmedia":[{"embeddable":true,"href":"https:\/\/diarioregionaldigital.com.br\/index.php?rest_route=\/wp\/v2\/media\/188334"}],"wp:attachment":[{"href":"https:\/\/diarioregionaldigital.com.br\/index.php?rest_route=%2Fwp%2Fv2%2Fmedia&parent=188333"}],"wp:term":[{"taxonomy":"category","embeddable":true,"href":"https:\/\/diarioregionaldigital.com.br\/index.php?rest_route=%2Fwp%2Fv2%2Fcategories&post=188333"},{"taxonomy":"post_tag","embeddable":true,"href":"https:\/\/diarioregionaldigital.com.br\/index.php?rest_route=%2Fwp%2Fv2%2Ftags&post=188333"}],"curies":[{"name":"wp","href":"https:\/\/api.w.org\/{rel}","templated":true}]}}