{"id":188330,"date":"2021-09-15T16:56:34","date_gmt":"2021-09-15T19:56:34","guid":{"rendered":"https:\/\/diarioregionaldigital.com.br\/?p=188330"},"modified":"2021-09-15T16:56:34","modified_gmt":"2021-09-15T19:56:34","slug":"ipea-inflacao-e-maior-para-as-familias-de-menor-renda","status":"publish","type":"post","link":"https:\/\/diarioregionaldigital.com.br\/?p=188330","title":{"rendered":"Ipea: infla\u00e7\u00e3o \u00e9 maior para as fam\u00edlias de menor renda"},"content":{"rendered":"<p>O Indicador de Infla\u00e7\u00e3o por Faixa de Renda, apurado pelo Instituto de Pesquisa Econ\u00f4mica Aplicada (Ipea), apontou que, enquanto a infla\u00e7\u00e3o das fam\u00edlias de renda baixa e muito baixa registrou alta de 0,91%, a das fam\u00edlias no segmento superior de renda apresentou varia\u00e7\u00e3o menor (0,78%), em agosto.<img decoding=\"async\" src=\"https:\/\/agenciabrasil.ebc.com.br\/ebc.png?id=1421671&amp;o=node\" \/><img decoding=\"async\" src=\"https:\/\/agenciabrasil.ebc.com.br\/ebc.gif?id=1421671&amp;o=node\" \/><\/p>\n<p>O estudo divulgado hoje (15), no Rio de Janeiro, mostra que o grupo de alimenta\u00e7\u00e3o foi o que mais contribuiu para a alta inflacion\u00e1ria das fam\u00edlias dos tr\u00eas segmentos de renda mais baixa. J\u00e1 para as tr\u00eas faixas de renda mais alta, o maior impacto veio do grupo de transportes.<\/p>\n<p>Segundo o Ipea, para as fam\u00edlias com menor renda, mesmo diante de uma defla\u00e7\u00e3o em itens importantes como arroz (-2,1%), feij\u00e3o (-1,7%) e \u00f3leo de soja (-0,4%), os aumentos de pre\u00e7os das prote\u00ednas animais, especialmente do frango (4,5%), dos ovos (1,6%), da batata (20%), do a\u00e7\u00facar (4,6%) e do caf\u00e9 (7,6%) explicam a press\u00e3o inflacion\u00e1ria que vem dos alimentos.<\/p>\n<p>J\u00e1 a alta inflacion\u00e1ria do grupo de transportes deve-se aos reajustes de 2,8% da gasolina e de 4,7% do etanol, combinados com a alta nos pre\u00e7os dos autom\u00f3veis novos (1,8%) e dos servi\u00e7os de aluguel de ve\u00edculos (6,6%), mesmo com a queda de 10,7% das passagens a\u00e9reas.<\/p>\n<p>O grupo de habita\u00e7\u00e3o foi o terceiro que mais influenciou todas as faixas de renda, puxado pelos reajustes de 1,1% da energia el\u00e9trica, de 2,7% do g\u00e1s encanado e de 2,4% do g\u00e1s de botij\u00e3o.<\/p>\n<p>Segundo o Ipea, as fam\u00edlias de renda baixa e m\u00e9dia baixa s\u00e3o as que apresentam as maiores taxas de infla\u00e7\u00e3o (5,9%) no acumulado do ano.<\/p>\n<p><strong>Acelera\u00e7\u00e3o inflacion\u00e1ria<\/strong><\/p>\n<p>Os dados acumulados em 12 meses mostram que, apesar da acelera\u00e7\u00e3o inflacion\u00e1ria generalizada, a taxa de infla\u00e7\u00e3o das fam\u00edlias de renda muito baixa (10,63%) mant\u00e9m-se em patamar acima da observada na faixa de renda alta (8%), pressionada pelas varia\u00e7\u00f5es de 16,6% dos alimentos no domic\u00edlio, de 21,1% da energia el\u00e9trica, de 31,7% do g\u00e1s de botij\u00e3o e de 5,6% dos medicamentos.<\/p>\n<p>\u201cJ\u00e1 para as fam\u00edlias de renda mais alta, al\u00e9m dos reajustes de 41,3% dos combust\u00edveis, de 30,2% das passagens a\u00e9reas e de 12,4% dos aparelhos eletroeletr\u00f4nicos em 12 meses, a recente recupera\u00e7\u00e3o dos pre\u00e7os dos servi\u00e7os de recrea\u00e7\u00e3o, cuja alta em 12 meses passou de 0,07% em janeiro para 5,3% em agosto, explica grande parte dessa acelera\u00e7\u00e3o inflacion\u00e1ria\u201d, indicou a pesquisa do Ipea.<\/p>\n<p><span style=\"font-weight: 400;\">Fonte: Ag\u00eancia Brasil <\/span><\/p>\n","protected":false},"excerpt":{"rendered":"<p>O Indicador de Infla\u00e7\u00e3o por Faixa de Renda, apurado pelo Instituto de Pesquisa Econ\u00f4mica Aplicada (Ipea), apontou que, enquanto a infla\u00e7\u00e3o das fam\u00edlias de renda baixa e muito baixa registrou alta de 0,91%, a das fam\u00edlias no segmento superior de renda apresentou varia\u00e7\u00e3o menor (0,78%), em agosto. O estudo divulgado hoje (15), no Rio de [&hellip;]<\/p>\n","protected":false},"author":246,"featured_media":188331,"comment_status":"closed","ping_status":"closed","sticky":false,"template":"","format":"standard","meta":{"footnotes":""},"categories":[436,261],"tags":[],"class_list":["post-188330","post","type-post","status-publish","format-standard","has-post-thumbnail","hentry","category-destaque-da-semana","category-economia"],"_links":{"self":[{"href":"https:\/\/diarioregionaldigital.com.br\/index.php?rest_route=\/wp\/v2\/posts\/188330","targetHints":{"allow":["GET"]}}],"collection":[{"href":"https:\/\/diarioregionaldigital.com.br\/index.php?rest_route=\/wp\/v2\/posts"}],"about":[{"href":"https:\/\/diarioregionaldigital.com.br\/index.php?rest_route=\/wp\/v2\/types\/post"}],"author":[{"embeddable":true,"href":"https:\/\/diarioregionaldigital.com.br\/index.php?rest_route=\/wp\/v2\/users\/246"}],"replies":[{"embeddable":true,"href":"https:\/\/diarioregionaldigital.com.br\/index.php?rest_route=%2Fwp%2Fv2%2Fcomments&post=188330"}],"version-history":[{"count":1,"href":"https:\/\/diarioregionaldigital.com.br\/index.php?rest_route=\/wp\/v2\/posts\/188330\/revisions"}],"predecessor-version":[{"id":188332,"href":"https:\/\/diarioregionaldigital.com.br\/index.php?rest_route=\/wp\/v2\/posts\/188330\/revisions\/188332"}],"wp:featuredmedia":[{"embeddable":true,"href":"https:\/\/diarioregionaldigital.com.br\/index.php?rest_route=\/wp\/v2\/media\/188331"}],"wp:attachment":[{"href":"https:\/\/diarioregionaldigital.com.br\/index.php?rest_route=%2Fwp%2Fv2%2Fmedia&parent=188330"}],"wp:term":[{"taxonomy":"category","embeddable":true,"href":"https:\/\/diarioregionaldigital.com.br\/index.php?rest_route=%2Fwp%2Fv2%2Fcategories&post=188330"},{"taxonomy":"post_tag","embeddable":true,"href":"https:\/\/diarioregionaldigital.com.br\/index.php?rest_route=%2Fwp%2Fv2%2Ftags&post=188330"}],"curies":[{"name":"wp","href":"https:\/\/api.w.org\/{rel}","templated":true}]}}