{"id":188324,"date":"2021-09-15T13:34:03","date_gmt":"2021-09-15T16:34:03","guid":{"rendered":"https:\/\/diarioregionaldigital.com.br\/?p=188324"},"modified":"2021-09-15T13:34:03","modified_gmt":"2021-09-15T16:34:03","slug":"policia-militar-atende-vitima-de-roubo-no-bairro-santa-terezinha","status":"publish","type":"post","link":"https:\/\/diarioregionaldigital.com.br\/?p=188324","title":{"rendered":"Pol\u00edcia Militar atende v\u00edtima de roubo no bairro Santa Terezinha"},"content":{"rendered":"<p>Na noite de ter\u00e7a-feira, 14set21 por volta das 21h03min, a Pol\u00edcia Militar foi acionada a comparecer em um bar localizado na Rua Cust\u00f3dio Trist\u00e3o no bairro Santa Terezinha, para atendimento a propriet\u00e1ria, uma mulher de 46 anos, v\u00edtima de roubo. Segundo relato, estava trabalhando quando dois indiv\u00edduos, com uma motocicleta CB 300 cor branca, pararam no local, um deles simulando estar armado anunciou o roubo e roubou o telefone celular da v\u00edtima, fugindo em seguida utilizando a motocicleta na fuga. A Pol\u00edcia Militar iniciou intenso rastreamento que segue at\u00e9 o momento.<\/p>\n","protected":false},"excerpt":{"rendered":"<p>Na noite de ter\u00e7a-feira, 14set21 por volta das 21h03min, a Pol\u00edcia Militar foi acionada a comparecer em um bar localizado na Rua Cust\u00f3dio Trist\u00e3o no bairro Santa Terezinha, para atendimento a propriet\u00e1ria, uma mulher de 46 anos, v\u00edtima de roubo. Segundo relato, estava trabalhando quando dois indiv\u00edduos, com uma motocicleta CB 300 cor branca, pararam [&hellip;]<\/p>\n","protected":false},"author":246,"featured_media":188325,"comment_status":"closed","ping_status":"closed","sticky":false,"template":"","format":"standard","meta":{"footnotes":""},"categories":[301],"tags":[],"class_list":["post-188324","post","type-post","status-publish","format-standard","has-post-thumbnail","hentry","category-artigos-policiais"],"_links":{"self":[{"href":"https:\/\/diarioregionaldigital.com.br\/index.php?rest_route=\/wp\/v2\/posts\/188324","targetHints":{"allow":["GET"]}}],"collection":[{"href":"https:\/\/diarioregionaldigital.com.br\/index.php?rest_route=\/wp\/v2\/posts"}],"about":[{"href":"https:\/\/diarioregionaldigital.com.br\/index.php?rest_route=\/wp\/v2\/types\/post"}],"author":[{"embeddable":true,"href":"https:\/\/diarioregionaldigital.com.br\/index.php?rest_route=\/wp\/v2\/users\/246"}],"replies":[{"embeddable":true,"href":"https:\/\/diarioregionaldigital.com.br\/index.php?rest_route=%2Fwp%2Fv2%2Fcomments&post=188324"}],"version-history":[{"count":1,"href":"https:\/\/diarioregionaldigital.com.br\/index.php?rest_route=\/wp\/v2\/posts\/188324\/revisions"}],"predecessor-version":[{"id":188326,"href":"https:\/\/diarioregionaldigital.com.br\/index.php?rest_route=\/wp\/v2\/posts\/188324\/revisions\/188326"}],"wp:featuredmedia":[{"embeddable":true,"href":"https:\/\/diarioregionaldigital.com.br\/index.php?rest_route=\/wp\/v2\/media\/188325"}],"wp:attachment":[{"href":"https:\/\/diarioregionaldigital.com.br\/index.php?rest_route=%2Fwp%2Fv2%2Fmedia&parent=188324"}],"wp:term":[{"taxonomy":"category","embeddable":true,"href":"https:\/\/diarioregionaldigital.com.br\/index.php?rest_route=%2Fwp%2Fv2%2Fcategories&post=188324"},{"taxonomy":"post_tag","embeddable":true,"href":"https:\/\/diarioregionaldigital.com.br\/index.php?rest_route=%2Fwp%2Fv2%2Ftags&post=188324"}],"curies":[{"name":"wp","href":"https:\/\/api.w.org\/{rel}","templated":true}]}}