{"id":188317,"date":"2021-09-14T18:51:31","date_gmt":"2021-09-14T21:51:31","guid":{"rendered":"https:\/\/diarioregionaldigital.com.br\/?p=188317"},"modified":"2021-09-14T18:51:31","modified_gmt":"2021-09-14T21:51:31","slug":"salvaterra-benfica-e-novo-parque-municipal-sao-atendidos-pela-empav","status":"publish","type":"post","link":"https:\/\/diarioregionaldigital.com.br\/?p=188317","title":{"rendered":"Salvaterra, Benfica e novo Parque Municipal s\u00e3o atendidos pela Empav"},"content":{"rendered":"<p>Segundo informa\u00e7\u00f5es do site da Prefeitura de Juiz de Fora, prosseguindo com o cronograma de atua\u00e7\u00e3o da Opera\u00e7\u00e3o Boniteza, nesta ter\u00e7a-feira, 14, equipes da Empresa Municipal de Pavimenta\u00e7\u00e3o e Urbaniza\u00e7\u00e3o (Empav) prosseguiram com servi\u00e7os de zeladoria em bairros da cidade. Foram atendidas demandas de poda de grama, varri\u00e7\u00e3o, limpeza e recolhimento de res\u00edduos nos canteiros centrais da Avenida Juscelino Kubitschek, no Benfica; no antigo Sesc, novo Parque Municipal de Juiz de Fora, localizado na Rua do Contorno no bairro Nova Calif\u00f3rnia; e nos canteiros e rotat\u00f3rias da Avenida Deusdedith Salgado, no trecho do posto Salvaterra at\u00e9 o Parque Lajinha.<\/p>\n<p>Al\u00e9m dos servi\u00e7os de manuten\u00e7\u00e3o em canteiros, outras equipes atuaram na poda e levantamento de copa de \u00e1rvores na Escola Municipal Tarc\u00edsio Glanzmann, no bairro Nossa Senhora Aparecida; na Escola Municipal Gilberto de Alencar, no bairro N\u00e1utico; no bairro Mundo Novo, em toda extens\u00e3o da Rua Luiz Ant\u00f4nio Vieira Penna; na Rua Eurico Viana e Rua Marchini, ambas situadas no bairro S\u00e3o Benedito.<\/p>\n<p>Para solicitar estes e outros servi\u00e7os, entre em contato com o Gabinete de A\u00e7\u00e3o e Di\u00e1logo Comunit\u00e1rio, que recebe e organiza pedidos relativos a interven\u00e7\u00f5es e melhorias urbanas. O contato pode ser feito atrav\u00e9s de liga\u00e7\u00e3o telef\u00f4nica pelo n\u00famero (32) 3690-7241 ou via WhatsApp, utilizando o mesmo n\u00famero.<\/p>\n","protected":false},"excerpt":{"rendered":"<p>Segundo informa\u00e7\u00f5es do site da Prefeitura de Juiz de Fora, prosseguindo com o cronograma de atua\u00e7\u00e3o da Opera\u00e7\u00e3o Boniteza, nesta ter\u00e7a-feira, 14, equipes da Empresa Municipal de Pavimenta\u00e7\u00e3o e Urbaniza\u00e7\u00e3o (Empav) prosseguiram com servi\u00e7os de zeladoria em bairros da cidade. Foram atendidas demandas de poda de grama, varri\u00e7\u00e3o, limpeza e recolhimento de res\u00edduos nos canteiros [&hellip;]<\/p>\n","protected":false},"author":246,"featured_media":188318,"comment_status":"closed","ping_status":"closed","sticky":false,"template":"","format":"standard","meta":{"footnotes":""},"categories":[253,436],"tags":[],"class_list":["post-188317","post","type-post","status-publish","format-standard","has-post-thumbnail","hentry","category-cidade","category-destaque-da-semana"],"_links":{"self":[{"href":"https:\/\/diarioregionaldigital.com.br\/index.php?rest_route=\/wp\/v2\/posts\/188317","targetHints":{"allow":["GET"]}}],"collection":[{"href":"https:\/\/diarioregionaldigital.com.br\/index.php?rest_route=\/wp\/v2\/posts"}],"about":[{"href":"https:\/\/diarioregionaldigital.com.br\/index.php?rest_route=\/wp\/v2\/types\/post"}],"author":[{"embeddable":true,"href":"https:\/\/diarioregionaldigital.com.br\/index.php?rest_route=\/wp\/v2\/users\/246"}],"replies":[{"embeddable":true,"href":"https:\/\/diarioregionaldigital.com.br\/index.php?rest_route=%2Fwp%2Fv2%2Fcomments&post=188317"}],"version-history":[{"count":1,"href":"https:\/\/diarioregionaldigital.com.br\/index.php?rest_route=\/wp\/v2\/posts\/188317\/revisions"}],"predecessor-version":[{"id":188319,"href":"https:\/\/diarioregionaldigital.com.br\/index.php?rest_route=\/wp\/v2\/posts\/188317\/revisions\/188319"}],"wp:featuredmedia":[{"embeddable":true,"href":"https:\/\/diarioregionaldigital.com.br\/index.php?rest_route=\/wp\/v2\/media\/188318"}],"wp:attachment":[{"href":"https:\/\/diarioregionaldigital.com.br\/index.php?rest_route=%2Fwp%2Fv2%2Fmedia&parent=188317"}],"wp:term":[{"taxonomy":"category","embeddable":true,"href":"https:\/\/diarioregionaldigital.com.br\/index.php?rest_route=%2Fwp%2Fv2%2Fcategories&post=188317"},{"taxonomy":"post_tag","embeddable":true,"href":"https:\/\/diarioregionaldigital.com.br\/index.php?rest_route=%2Fwp%2Fv2%2Ftags&post=188317"}],"curies":[{"name":"wp","href":"https:\/\/api.w.org\/{rel}","templated":true}]}}