{"id":188314,"date":"2021-09-14T18:48:24","date_gmt":"2021-09-14T21:48:24","guid":{"rendered":"https:\/\/diarioregionaldigital.com.br\/?p=188314"},"modified":"2021-09-14T18:48:24","modified_gmt":"2021-09-14T21:48:24","slug":"prefeitura-divulga-atualizacao-do-protocolo-sanitario-para-retorno-as-aulas-presenciais","status":"publish","type":"post","link":"https:\/\/diarioregionaldigital.com.br\/?p=188314","title":{"rendered":"Prefeitura divulga atualiza\u00e7\u00e3o do Protocolo Sanit\u00e1rio para retorno \u00e0s aulas presenciais"},"content":{"rendered":"<div id=\"box_texto_noticia\">A Prefeitura de Juiz de Fora (PJF) divulgou nesta ter\u00e7a-feira, 14, a atualiza\u00e7\u00e3o do Protocolo Sanit\u00e1rio de retorno \u00e0s atividades de ensino presenciais no munic\u00edpio que se deu por adequa\u00e7\u00f5es feitas pelo Protocolo Sanit\u00e1rio do Governo de Minas Gerais.<\/p>\n<p>Segundo informa\u00e7\u00f5es do site da Prefeitura de Juiz de Fora, na nova vers\u00e3o elaborada pela Secretaria de Sa\u00fade, dois itens foram modificados: o distanciamento f\u00edsico foi reduzido de 1,5m para 0,90m, exceto em \u00e1rea de alimenta\u00e7\u00e3o. Al\u00e9m disso, a capacidade dos espa\u00e7os das institui\u00e7\u00f5es de ensino, bem como transporte escolar, podem ser utilizados com no m\u00e1ximo \u00bd (50%) da sua capacidade por vez, obedecendo \u00e0s metragens definidas e utilizando escalonamento por hor\u00e1rio do ambiente.<\/p>\n<p>O prop\u00f3sito do Protocolo Sanit\u00e1rio \u00e9 o de orientar e subsidiar as diferentes institui\u00e7\u00f5es de ensino quanto \u00e0s estrat\u00e9gias para a retomada da educa\u00e7\u00e3o presencial da maneira mais segura poss\u00edvel, de acordo com as recomenda\u00e7\u00f5es das autoridades sanit\u00e1rias.<\/p>\n<p>Confira a terceira vers\u00e3o do Protocolo Sanit\u00e1rio no documento anexo.<\/p>\n<p>Para outras informa\u00e7\u00f5es, acesse a\u00a0<a href=\"https:\/\/www.pjf.mg.gov.br\/secretarias\/se\/protocolo_aulas_presenciais.php\"><b>p\u00e1gina<\/b><\/a>\u00a0direcionada ao retorno \u00e0s atividades de ensino presenciais.<\/p>\n<\/div>\n<div class=\"texto_anexo\"><img loading=\"lazy\" decoding=\"async\" src=\"https:\/\/www.pjf.mg.gov.br\/imagens\/clips.jpg\" width=\"22\" height=\"20\" \/>\u00a0<a href=\"https:\/\/www.pjf.mg.gov.br\/noticias\/anexo\/protocolo_sanitario_2021.pdf\" target=\"_blank\" rel=\"noopener\">Veja o anexo<\/a><\/div>\n","protected":false},"excerpt":{"rendered":"<p>A Prefeitura de Juiz de Fora (PJF) divulgou nesta ter\u00e7a-feira, 14, a atualiza\u00e7\u00e3o do Protocolo Sanit\u00e1rio de retorno \u00e0s atividades de ensino presenciais no munic\u00edpio que se deu por adequa\u00e7\u00f5es feitas pelo Protocolo Sanit\u00e1rio do Governo de Minas Gerais. Segundo informa\u00e7\u00f5es do site da Prefeitura de Juiz de Fora, na nova vers\u00e3o elaborada pela Secretaria [&hellip;]<\/p>\n","protected":false},"author":246,"featured_media":188315,"comment_status":"closed","ping_status":"closed","sticky":false,"template":"","format":"standard","meta":{"footnotes":""},"categories":[253,436],"tags":[],"class_list":["post-188314","post","type-post","status-publish","format-standard","has-post-thumbnail","hentry","category-cidade","category-destaque-da-semana"],"_links":{"self":[{"href":"https:\/\/diarioregionaldigital.com.br\/index.php?rest_route=\/wp\/v2\/posts\/188314","targetHints":{"allow":["GET"]}}],"collection":[{"href":"https:\/\/diarioregionaldigital.com.br\/index.php?rest_route=\/wp\/v2\/posts"}],"about":[{"href":"https:\/\/diarioregionaldigital.com.br\/index.php?rest_route=\/wp\/v2\/types\/post"}],"author":[{"embeddable":true,"href":"https:\/\/diarioregionaldigital.com.br\/index.php?rest_route=\/wp\/v2\/users\/246"}],"replies":[{"embeddable":true,"href":"https:\/\/diarioregionaldigital.com.br\/index.php?rest_route=%2Fwp%2Fv2%2Fcomments&post=188314"}],"version-history":[{"count":1,"href":"https:\/\/diarioregionaldigital.com.br\/index.php?rest_route=\/wp\/v2\/posts\/188314\/revisions"}],"predecessor-version":[{"id":188316,"href":"https:\/\/diarioregionaldigital.com.br\/index.php?rest_route=\/wp\/v2\/posts\/188314\/revisions\/188316"}],"wp:featuredmedia":[{"embeddable":true,"href":"https:\/\/diarioregionaldigital.com.br\/index.php?rest_route=\/wp\/v2\/media\/188315"}],"wp:attachment":[{"href":"https:\/\/diarioregionaldigital.com.br\/index.php?rest_route=%2Fwp%2Fv2%2Fmedia&parent=188314"}],"wp:term":[{"taxonomy":"category","embeddable":true,"href":"https:\/\/diarioregionaldigital.com.br\/index.php?rest_route=%2Fwp%2Fv2%2Fcategories&post=188314"},{"taxonomy":"post_tag","embeddable":true,"href":"https:\/\/diarioregionaldigital.com.br\/index.php?rest_route=%2Fwp%2Fv2%2Ftags&post=188314"}],"curies":[{"name":"wp","href":"https:\/\/api.w.org\/{rel}","templated":true}]}}