{"id":188311,"date":"2021-09-14T18:45:37","date_gmt":"2021-09-14T21:45:37","guid":{"rendered":"https:\/\/diarioregionaldigital.com.br\/?p=188311"},"modified":"2021-09-14T18:45:37","modified_gmt":"2021-09-14T21:45:37","slug":"transito-na-rua-coronel-delfino-nonato-de-faria-segue-parcialmente-interditado-ate-o-fim-do-mes","status":"publish","type":"post","link":"https:\/\/diarioregionaldigital.com.br\/?p=188311","title":{"rendered":"Tr\u00e2nsito na rua Coronel Delfino Nonato de Faria segue parcialmente interditado at\u00e9 o fim do m\u00eas"},"content":{"rendered":"<p>At\u00e9 o final de setembro, a Secretaria de Mobilidade Urbana (SMU) segue com a interdi\u00e7\u00e3o parcial do tr\u00e2nsito na rua Coronel Delfino Nonato de Faria, no bairro Santa Teresa. A altera\u00e7\u00e3o ocorre em virtude das interven\u00e7\u00f5es complementares da Companhia de Saneamento Municipal (Cesama) na rede de recalque de esgoto pr\u00f3xima ao viaduto Engenheiro Renato Jos\u00e9 Abramo.<\/p>\n<p>Segundo informa\u00e7\u00f5es do site da Prefeitura de Juiz de Fora, a tubula\u00e7\u00e3o \u00e9 parte integrante das obras despolui\u00e7\u00e3o do Rio Paraibuna e ter\u00e1 como fun\u00e7\u00e3o interligar a esta\u00e7\u00e3o elevat\u00f3ria Independ\u00eancia com o sistema do bairro Vila Ideal, que encaminhar\u00e1 o material para a Esta\u00e7\u00e3o de Tratamento de Esgoto (ETE) Uni\u00e3o-Ind\u00fastria, na comunidade de Granjas Bethel.<\/p>\n<p><b>Obras de despolui\u00e7\u00e3o<\/b><\/p>\n<p>Or\u00e7ado em mais de R$ 130 milh\u00f5es, o conjunto de obras de despolui\u00e7\u00e3o do Paraibuna abrange a implanta\u00e7\u00e3o de 40 mil metros de redes nas margens do rio e interven\u00e7\u00f5es nos c\u00f3rregos Tapera, Matirumbide, Yung, S\u00e3o Pedro, Danta e Independ\u00eancia. Al\u00e9m da ETE Uni\u00e3o-Ind\u00fastria, j\u00e1 em opera\u00e7\u00e3o, e da ETE Santa Luzia, cujo projeto est\u00e1 sendo adequado junto \u00e0 Caixa Econ\u00f4mica Federal (CEF), a iniciativa ainda inclui a amplia\u00e7\u00e3o da ETE Barbosa Lage e a constru\u00e7\u00e3o de cinco esta\u00e7\u00f5es elevat\u00f3rias de esgoto, das quais duas j\u00e1 foram executadas.<\/p>\n","protected":false},"excerpt":{"rendered":"<p>At\u00e9 o final de setembro, a Secretaria de Mobilidade Urbana (SMU) segue com a interdi\u00e7\u00e3o parcial do tr\u00e2nsito na rua Coronel Delfino Nonato de Faria, no bairro Santa Teresa. A altera\u00e7\u00e3o ocorre em virtude das interven\u00e7\u00f5es complementares da Companhia de Saneamento Municipal (Cesama) na rede de recalque de esgoto pr\u00f3xima ao viaduto Engenheiro Renato Jos\u00e9 [&hellip;]<\/p>\n","protected":false},"author":246,"featured_media":188312,"comment_status":"closed","ping_status":"closed","sticky":false,"template":"","format":"standard","meta":{"footnotes":""},"categories":[253,436],"tags":[],"class_list":["post-188311","post","type-post","status-publish","format-standard","has-post-thumbnail","hentry","category-cidade","category-destaque-da-semana"],"_links":{"self":[{"href":"https:\/\/diarioregionaldigital.com.br\/index.php?rest_route=\/wp\/v2\/posts\/188311","targetHints":{"allow":["GET"]}}],"collection":[{"href":"https:\/\/diarioregionaldigital.com.br\/index.php?rest_route=\/wp\/v2\/posts"}],"about":[{"href":"https:\/\/diarioregionaldigital.com.br\/index.php?rest_route=\/wp\/v2\/types\/post"}],"author":[{"embeddable":true,"href":"https:\/\/diarioregionaldigital.com.br\/index.php?rest_route=\/wp\/v2\/users\/246"}],"replies":[{"embeddable":true,"href":"https:\/\/diarioregionaldigital.com.br\/index.php?rest_route=%2Fwp%2Fv2%2Fcomments&post=188311"}],"version-history":[{"count":1,"href":"https:\/\/diarioregionaldigital.com.br\/index.php?rest_route=\/wp\/v2\/posts\/188311\/revisions"}],"predecessor-version":[{"id":188313,"href":"https:\/\/diarioregionaldigital.com.br\/index.php?rest_route=\/wp\/v2\/posts\/188311\/revisions\/188313"}],"wp:featuredmedia":[{"embeddable":true,"href":"https:\/\/diarioregionaldigital.com.br\/index.php?rest_route=\/wp\/v2\/media\/188312"}],"wp:attachment":[{"href":"https:\/\/diarioregionaldigital.com.br\/index.php?rest_route=%2Fwp%2Fv2%2Fmedia&parent=188311"}],"wp:term":[{"taxonomy":"category","embeddable":true,"href":"https:\/\/diarioregionaldigital.com.br\/index.php?rest_route=%2Fwp%2Fv2%2Fcategories&post=188311"},{"taxonomy":"post_tag","embeddable":true,"href":"https:\/\/diarioregionaldigital.com.br\/index.php?rest_route=%2Fwp%2Fv2%2Ftags&post=188311"}],"curies":[{"name":"wp","href":"https:\/\/api.w.org\/{rel}","templated":true}]}}