{"id":188302,"date":"2021-09-14T18:38:21","date_gmt":"2021-09-14T21:38:21","guid":{"rendered":"https:\/\/diarioregionaldigital.com.br\/?p=188302"},"modified":"2021-09-14T18:38:21","modified_gmt":"2021-09-14T21:38:21","slug":"com-time-experiente-brasil-quer-apagar-2016-e-retomar-coroa-do-futsal","status":"publish","type":"post","link":"https:\/\/diarioregionaldigital.com.br\/?p=188302","title":{"rendered":"Com time experiente, Brasil quer apagar 2016 e retomar coroa do futsal"},"content":{"rendered":"<p>O massacre por 9 a 1 sobre o Vietn\u00e3, nessa\u00a0segunda-feira (13), foi o cart\u00e3o de visitas de um Brasil que disputa a Copa do Mundo de futsal masculino, na Litu\u00e2nia, com dois objetivos claros. O primeiro, deixar a decep\u00e7\u00e3o de 2016 (pior campanha da sele\u00e7\u00e3o na hist\u00f3ria, eliminada pelo Ir\u00e3 nas oitavas de final) para tr\u00e1s e retomar a coroa da modalidade, conquistada pela \u00faltima vez em 2012. O segundo \u00e9 o escrete buscar o oitavo t\u00edtulo mundial, sendo o sexto desde que a Federa\u00e7\u00e3o Internacional de Futebol (Fifa) assumiu a competi\u00e7\u00e3o, em 1989.<img decoding=\"async\" src=\"https:\/\/agenciabrasil.ebc.com.br\/ebc.png?id=1421505&amp;o=node\" \/><img decoding=\"async\" src=\"https:\/\/agenciabrasil.ebc.com.br\/ebc.gif?id=1421505&amp;o=node\" \/><\/p>\n<p>\u201cEsta foi a melhor prepara\u00e7\u00e3o que j\u00e1 tivemos. Foram 30 dias de trabalho. Em 2016, foi muito complicado, uma crise pol\u00edtica no futsal, muito dif\u00edcil de trabalhar. Chegamos meio capengando, tendo que ser mais do que nunca um grupo. O que a gente leva \u00e9 que a dor da derrota \u00e9 muito maior que a alegria da vit\u00f3ria, ainda mais para o povo brasileiro, que ama o futebol e o futsal e conta com essa alegria. Quando a gente n\u00e3o entrega, a pancada \u00e9 maior. \u00c9 isso que tento passar ao pessoal, que temos condi\u00e7\u00e3o de fazer uma hist\u00f3ria muito bonita na Litu\u00e2nia\u201d, declarou o fixo Rodrigo, capit\u00e3o da sele\u00e7\u00e3o, \u00e0\u00a0<strong>Ag\u00eancia Brasil<\/strong>.<\/p>\n<p>O Capita, como \u00e9 apelidado o camisa 14 brasileiro, \u00e9 um dos mais experientes do grupo. Do atual elenco, ele e o goleiro Guitta estiveram no t\u00edtulo de 2012, conquistado na Tail\u00e2ndia. Na ocasi\u00e3o, o Brasil derrotou a Espanha por 3 a 2, na prorroga\u00e7\u00e3o. O craque Falc\u00e3o, que se aposentou das quadras em 2018, fez parte daquela sele\u00e7\u00e3o e brilhou na partida considerada a mais marcante da campanha.<\/p>\n<p>\u201cFoi uma conquista muito dif\u00edcil. Tivemos um jogo contra a Argentina nas quartas de final, em que est\u00e1vamos perdendo por 2 a 0. O Falc\u00e3o entrou daquele jeito [com uma paralisia facial], todo travado, mas foi decisivo [marcando dois gols e decretando a virada por 3 a 2]. A [melhor] mem\u00f3ria \u00e9 essa, mais at\u00e9 que a da final, que tamb\u00e9m foi hist\u00f3rica. Lembro que, pouco antes do gol do Neto [o do 3 a 2 sobre a Espanha], eu perdi uma falta aberta [risos]. S\u00e3o momentos que marcam\u201d, recordou o fixo.<\/p>\n<p>Al\u00e9m de Rodrigo e Guitta, o ala Dyego e o piv\u00f4 Dieguinho tamb\u00e9m t\u00eam rodagem em Copa do Mundo, integrando o elenco de 2016. Os outros 12 jogadores convocados pelo t\u00e9cnico Marquinhos Xavier disputam a competi\u00e7\u00e3o pela primeira vez. O capit\u00e3o brasileiro, por\u00e9m, avalia que o grupo n\u00e3o \u00e9 menos experiente por ter poucos remanescentes de outras edi\u00e7\u00f5es.<\/p>\n<p>\u201cTemos uma sele\u00e7\u00e3o com muita bagagem e uma faixa et\u00e1ria [m\u00e9dia de 30,9 anos] que faz com que os jogadores cheguem com uma experi\u00eancia muito boa. S\u00e3o atletas com finais de Liga dos Campe\u00f5es da Europa e de Liga Nacional de Futsal [LNF], competi\u00e7\u00f5es importantes. Ent\u00e3o, a gente est\u00e1 mais forte do que nunca, com uma prepara\u00e7\u00e3o do n\u00edvel que o Brasil merecia\u201d, afirmou Rodrigo.<\/p>\n<p>De fato, o elenco \u00e9 mesclado, com oito atletas no futsal europeu e oito em equipes da LNF &#8211; transmitida pela\u00a0<strong>TV Brasil<\/strong>\u00a0aos domingos, \u00e0s 11h (hor\u00e1rio de Bras\u00edlia). Um dos jogadores em atividade no pa\u00eds \u00e9 Dieguinho, que defende o Joinville, mas j\u00e1 competiu nas ligas russa (D\u00ednamo Moscou, onde foi campe\u00e3o mundial em 2013) e portuguesa (Sporting, pelo qual venceu a Liga dos Campe\u00f5es em 2019).<\/p>\n<p>\u201cPraticamente, sempre foi assim [mistura entre jogadores que atuam no Brasil e no exterior]. Nem todos os atletas da sele\u00e7\u00e3o se concentram em um lugar s\u00f3. \u00c9 importante, pois quem est\u00e1 fora conhece mais a cultura dos europeus, dos outros pa\u00edses, e quem est\u00e1 no Brasil traz a nossa cultura. Essa mescla vai nos ajudar a alcan\u00e7ar nosso objetivo\u201d, destacou Dieguinho, \u00e0\u00a0<strong>Ag\u00eancia Brasil<\/strong>.<\/p>\n<p>Atual campe\u00e3o nacional, o Magnus Sorocaba \u00e9 o time brasileiro com mais convocados (quatro, entre eles Rodrigo), seguido pelo Joinville de Dieguinho (dois). Dos estrangeiros, o Barcelona (Espanha), vice europeu em 2021, \u00e9 o clube com mais representantes na sele\u00e7\u00e3o: tr\u00eas, sendo um deles o fixo Ferr\u00e3o, destaque da goleada sobre os vietnamitas, com quatro gols.<\/p>\n<p>O Brasil integra o Grupo D da Copa do Mundo. Al\u00e9m do Vietn\u00e3, a sele\u00e7\u00e3o ainda ter\u00e1 pela frente Rep\u00fablica Tcheca e Panam\u00e1 na primeira fase. Os tchecos s\u00e3o os pr\u00f3ximos advers\u00e1rios, nesta quinta-feira (16), \u00e0s 14h. No domingo (19), no mesmo hor\u00e1rio, encara os panamenhos. Os dois primeiros colocados de cada chave avan\u00e7am \u00e0s oitavas de final, al\u00e9m dos quatro melhores terceiros.<\/p>\n<p>Se ficarem em primeiro, os brasileiros enfrentam o melhor terceiro colocado que sair dos Grupos B, E ou F (onde est\u00e3o alguns dos principais advers\u00e1rios na briga pelo t\u00edtulo). Atual vice-campe\u00e3 mundial, a R\u00fassia (que compete como Federa\u00e7\u00e3o Russa de Futsal, devido \u00e0 puni\u00e7\u00e3o que o pa\u00eds recebeu por casos de doping nos esportes ol\u00edmpicos e paral\u00edmpicos) est\u00e1 na chave B. Na E figura a bicampe\u00e3 Espanha. J\u00e1 na F encontra-se a atual detentora da coroa do futsal: a Argentina, que, inclusive, superou o Brasil na final da Eliminat\u00f3ria sul-americana, em fevereiro do ano passado.<\/p>\n<p>\u201cO Brasil sempre \u00e9 favorito. Em todo esporte que disputa, entra pra ser campe\u00e3o. N\u00e3o \u00e9 diferente no futsal. H\u00e1 grandes equipes, como Argentina, R\u00fassia, Portugal [atual campe\u00e3o europeu] e Cazaquist\u00e3o [que conta com tr\u00eas brasileiros naturalizados, o goleiro Higuita, o fixo Douglas J\u00fanior e o ala\/piv\u00f4 Taynan]. Ser\u00e1 um Mundial bem competitivo, mas estamos aqui para buscar esse t\u00edtulo\u201d, concluiu Dieguinho.<\/p>\n<p><strong>Os convocados<\/strong><\/p>\n<p>Goleiros: Guitta (Sporting, de Portugal), Djony (Magnus Sorocaba) e Willian (Joinville).<br \/>\nAlas: Leozinho, Leandro Lino (ambos Magnus Sorocaba), Dyego (Barcelona, da Espanha), Arthur (Benfica, de Portugal), Gadeia (Elpozo, da Espanha) e Bruno (Ukhta, da R\u00fassia).<br \/>\nFixos: Rodrigo (Magnus Sorocaba), L\u00e9 (Corinthians) e Marlon (Palma, da Espanha).<br \/>\nPiv\u00f4s: Rocha (Carlos Barbosa), Dieguinho (Joinville), Pito e Ferr\u00e3o (ambos Barcelona, da Espanha).<\/p>\n<p><span style=\"font-weight: 400;\">Fonte: Ag\u00eancia Brasil <\/span><\/p>\n","protected":false},"excerpt":{"rendered":"<p>O massacre por 9 a 1 sobre o Vietn\u00e3, nessa\u00a0segunda-feira (13), foi o cart\u00e3o de visitas de um Brasil que disputa a Copa do Mundo de futsal masculino, na Litu\u00e2nia, com dois objetivos claros. O primeiro, deixar a decep\u00e7\u00e3o de 2016 (pior campanha da sele\u00e7\u00e3o na hist\u00f3ria, eliminada pelo Ir\u00e3 nas oitavas de final) para [&hellip;]<\/p>\n","protected":false},"author":246,"featured_media":188303,"comment_status":"closed","ping_status":"closed","sticky":false,"template":"","format":"standard","meta":{"footnotes":""},"categories":[436,257],"tags":[],"class_list":["post-188302","post","type-post","status-publish","format-standard","has-post-thumbnail","hentry","category-destaque-da-semana","category-esporte"],"_links":{"self":[{"href":"https:\/\/diarioregionaldigital.com.br\/index.php?rest_route=\/wp\/v2\/posts\/188302","targetHints":{"allow":["GET"]}}],"collection":[{"href":"https:\/\/diarioregionaldigital.com.br\/index.php?rest_route=\/wp\/v2\/posts"}],"about":[{"href":"https:\/\/diarioregionaldigital.com.br\/index.php?rest_route=\/wp\/v2\/types\/post"}],"author":[{"embeddable":true,"href":"https:\/\/diarioregionaldigital.com.br\/index.php?rest_route=\/wp\/v2\/users\/246"}],"replies":[{"embeddable":true,"href":"https:\/\/diarioregionaldigital.com.br\/index.php?rest_route=%2Fwp%2Fv2%2Fcomments&post=188302"}],"version-history":[{"count":1,"href":"https:\/\/diarioregionaldigital.com.br\/index.php?rest_route=\/wp\/v2\/posts\/188302\/revisions"}],"predecessor-version":[{"id":188304,"href":"https:\/\/diarioregionaldigital.com.br\/index.php?rest_route=\/wp\/v2\/posts\/188302\/revisions\/188304"}],"wp:featuredmedia":[{"embeddable":true,"href":"https:\/\/diarioregionaldigital.com.br\/index.php?rest_route=\/wp\/v2\/media\/188303"}],"wp:attachment":[{"href":"https:\/\/diarioregionaldigital.com.br\/index.php?rest_route=%2Fwp%2Fv2%2Fmedia&parent=188302"}],"wp:term":[{"taxonomy":"category","embeddable":true,"href":"https:\/\/diarioregionaldigital.com.br\/index.php?rest_route=%2Fwp%2Fv2%2Fcategories&post=188302"},{"taxonomy":"post_tag","embeddable":true,"href":"https:\/\/diarioregionaldigital.com.br\/index.php?rest_route=%2Fwp%2Fv2%2Ftags&post=188302"}],"curies":[{"name":"wp","href":"https:\/\/api.w.org\/{rel}","templated":true}]}}