{"id":188298,"date":"2021-09-14T18:36:27","date_gmt":"2021-09-14T21:36:27","guid":{"rendered":"https:\/\/diarioregionaldigital.com.br\/?p=188298"},"modified":"2021-09-14T18:36:27","modified_gmt":"2021-09-14T21:36:27","slug":"psg-relaciona-messi-e-neymar-para-estreia-na-liga-dos-campeoes","status":"publish","type":"post","link":"https:\/\/diarioregionaldigital.com.br\/?p=188298","title":{"rendered":"PSG relaciona Messi e Neymar para estreia na Liga dos Campe\u00f5es"},"content":{"rendered":"<p>O argentino Lionel Messi e o brasileiro Neymar foram relacionados pelo PSG (Fran\u00e7a) para o confronto com o Club Brugge (B\u00e9lgica) pela Liga dos Campe\u00f5es na pr\u00f3xima quarta-feira (15), ap\u00f3s ficarem fora da partida do \u00faltimo final de semana pelo Campeonato Franc\u00eas depois de retornarem de compromissos com as sele\u00e7\u00f5es de seus pa\u00edses.<img decoding=\"async\" src=\"https:\/\/agenciabrasil.ebc.com.br\/ebc.png?id=1421566&amp;o=node\" \/><img decoding=\"async\" src=\"https:\/\/agenciabrasil.ebc.com.br\/ebc.gif?id=1421566&amp;o=node\" \/><\/p>\n<p>Messi e Neymar entraram em campo pelas Eliminat\u00f3rias para a Copa do Mundo na \u00faltima quinta-feira (9) e retornaram a Paris na noite seguinte. No s\u00e1bado (11), o PSG derrotou o Clermont por 4 a 0 sem a presen\u00e7a de ambos.<\/p>\n<p>O argentino \u00c1ngel Di Maria n\u00e3o est\u00e1 na rela\u00e7\u00e3o de 22 jogadores para a estreia no torneio continental, j\u00e1 que o meia-atacante recebeu uma suspens\u00e3o de tr\u00eas jogos da Uefa por pisar em Fernandinho na semifinal da Liga dos Campe\u00f5es da temporada passada contra o Manchester City (Inglaterra).<\/p>\n<p>A estreia do zagueiro Sergio Ramos voltou a ser adiada, j\u00e1 que o espanhol ainda n\u00e3o se recuperou de uma les\u00e3o na coxa, e o meio-campista Marco Verratti tamb\u00e9m foi descartado por culpa de uma les\u00e3o no joelho sofrida enquanto atuava com a It\u00e1lia.<\/p>\n<p><span style=\"font-weight: 400;\">Fonte: Ag\u00eancia Brasil\u00a0<\/span><span style=\"font-weight: 400;\"><br \/>\n<\/span><\/p>\n","protected":false},"excerpt":{"rendered":"<p>O argentino Lionel Messi e o brasileiro Neymar foram relacionados pelo PSG (Fran\u00e7a) para o confronto com o Club Brugge (B\u00e9lgica) pela Liga dos Campe\u00f5es na pr\u00f3xima quarta-feira (15), ap\u00f3s ficarem fora da partida do \u00faltimo final de semana pelo Campeonato Franc\u00eas depois de retornarem de compromissos com as sele\u00e7\u00f5es de seus pa\u00edses. Messi e [&hellip;]<\/p>\n","protected":false},"author":246,"featured_media":188299,"comment_status":"closed","ping_status":"closed","sticky":false,"template":"","format":"standard","meta":{"footnotes":""},"categories":[436,257],"tags":[],"class_list":["post-188298","post","type-post","status-publish","format-standard","has-post-thumbnail","hentry","category-destaque-da-semana","category-esporte"],"_links":{"self":[{"href":"https:\/\/diarioregionaldigital.com.br\/index.php?rest_route=\/wp\/v2\/posts\/188298","targetHints":{"allow":["GET"]}}],"collection":[{"href":"https:\/\/diarioregionaldigital.com.br\/index.php?rest_route=\/wp\/v2\/posts"}],"about":[{"href":"https:\/\/diarioregionaldigital.com.br\/index.php?rest_route=\/wp\/v2\/types\/post"}],"author":[{"embeddable":true,"href":"https:\/\/diarioregionaldigital.com.br\/index.php?rest_route=\/wp\/v2\/users\/246"}],"replies":[{"embeddable":true,"href":"https:\/\/diarioregionaldigital.com.br\/index.php?rest_route=%2Fwp%2Fv2%2Fcomments&post=188298"}],"version-history":[{"count":2,"href":"https:\/\/diarioregionaldigital.com.br\/index.php?rest_route=\/wp\/v2\/posts\/188298\/revisions"}],"predecessor-version":[{"id":188301,"href":"https:\/\/diarioregionaldigital.com.br\/index.php?rest_route=\/wp\/v2\/posts\/188298\/revisions\/188301"}],"wp:featuredmedia":[{"embeddable":true,"href":"https:\/\/diarioregionaldigital.com.br\/index.php?rest_route=\/wp\/v2\/media\/188299"}],"wp:attachment":[{"href":"https:\/\/diarioregionaldigital.com.br\/index.php?rest_route=%2Fwp%2Fv2%2Fmedia&parent=188298"}],"wp:term":[{"taxonomy":"category","embeddable":true,"href":"https:\/\/diarioregionaldigital.com.br\/index.php?rest_route=%2Fwp%2Fv2%2Fcategories&post=188298"},{"taxonomy":"post_tag","embeddable":true,"href":"https:\/\/diarioregionaldigital.com.br\/index.php?rest_route=%2Fwp%2Fv2%2Ftags&post=188298"}],"curies":[{"name":"wp","href":"https:\/\/api.w.org\/{rel}","templated":true}]}}