{"id":188295,"date":"2021-09-14T18:34:24","date_gmt":"2021-09-14T21:34:24","guid":{"rendered":"https:\/\/diarioregionaldigital.com.br\/?p=188295"},"modified":"2021-09-14T18:34:24","modified_gmt":"2021-09-14T21:34:24","slug":"olimpiada-judoca-e-suspenso-por-se-recusar-a-lutar-com-israelense","status":"publish","type":"post","link":"https:\/\/diarioregionaldigital.com.br\/?p=188295","title":{"rendered":"Olimp\u00edada: judoca \u00e9 suspenso por se recusar a lutar com israelense"},"content":{"rendered":"<div class=\"post-item alt-font\">\n<div class=\"post-item-wrap\">\n<p>O argelino Fethi Nourine e seu t\u00e9cnico foram suspensos pela Federa\u00e7\u00e3o Internacional de Jud\u00f4 (IJF) por 10 anos por se retirarem da Olimp\u00edada de T\u00f3quio (Jap\u00e3o) quando a chave da competi\u00e7\u00e3o colocou o judoca a caminho de uma luta contra um atleta israelense.<img decoding=\"async\" src=\"https:\/\/agenciabrasil.ebc.com.br\/ebc.png?id=1421580&amp;o=node\" \/><img decoding=\"async\" src=\"https:\/\/agenciabrasil.ebc.com.br\/ebc.gif?id=1421580&amp;o=node\" \/><\/p>\n<p>O lutador de 30 anos deveria enfrentar o sudan\u00eas Mohamed Abdalrasool na primeira luta na categoria at\u00e9 73 quilos, e uma vit\u00f3ria o faria enfrentar o israelense Tohar Butbul na rodada seguinte.<\/p>\n<p>Nourine disse que seu apoio pol\u00edtico \u00e0 causa palestina tornou imposs\u00edvel a ele competir com Butbul.<\/p>\n<p>O Comit\u00ea Ol\u00edmpico Argelino retirou as credenciais do judoca e de seu t\u00e9cnico, Amar Benikhlef, e os mandou de volta para casa.<\/p>\n<p>A IJF, que suspendeu ambos temporariamente, disse que os dois usaram os Jogos \u201ccomo uma plataforma de protesto e promo\u00e7\u00e3o de propaganda pol\u00edtica e religiosa\u201d, o que violou seu c\u00f3digo de \u00e9tica e a Carta Ol\u00edmpica.<\/p>\n<p>Eles est\u00e3o banidos de todos os eventos e atividades da IJF at\u00e9 23 de julho de 2031, mas podem apelar \u00e0 Corte Arbitral do Esporte (CAS), disse o\u00a0<a href=\"https:\/\/www.ijf.org\/news\/show\/fethi-nourine-and-amar-benikhlef-disciplinary-decision\">comunicado<\/a>\u00a0da entidade.<\/p>\n<p>Esta n\u00e3o foi a primeira vez em que Nourine se retirou de uma competi\u00e7\u00e3o para evitar enfrentar um oponente israelense (ele abandonou o Mundial de 2019 em T\u00f3quio pela mesma raz\u00e3o).<\/p>\n<p>As tens\u00f5es do conflito entre israelenses e palestinos voltaram \u00e0 tona este ano, quando confrontos na Jerusal\u00e9m em disputa desencadearam combates atrav\u00e9s da fronteira.<\/p>\n<p><span style=\"font-weight: 400;\">Fonte: Ag\u00eancia Brasil <\/span><\/p>\n<\/div>\n<\/div>\n","protected":false},"excerpt":{"rendered":"<p>O argelino Fethi Nourine e seu t\u00e9cnico foram suspensos pela Federa\u00e7\u00e3o Internacional de Jud\u00f4 (IJF) por 10 anos por se retirarem da Olimp\u00edada de T\u00f3quio (Jap\u00e3o) quando a chave da competi\u00e7\u00e3o colocou o judoca a caminho de uma luta contra um atleta israelense. O lutador de 30 anos deveria enfrentar o sudan\u00eas Mohamed Abdalrasool na [&hellip;]<\/p>\n","protected":false},"author":246,"featured_media":188296,"comment_status":"closed","ping_status":"closed","sticky":false,"template":"","format":"standard","meta":{"footnotes":""},"categories":[440,257],"tags":[],"class_list":["post-188295","post","type-post","status-publish","format-standard","has-post-thumbnail","hentry","category-destaques-do-dia","category-esporte"],"_links":{"self":[{"href":"https:\/\/diarioregionaldigital.com.br\/index.php?rest_route=\/wp\/v2\/posts\/188295","targetHints":{"allow":["GET"]}}],"collection":[{"href":"https:\/\/diarioregionaldigital.com.br\/index.php?rest_route=\/wp\/v2\/posts"}],"about":[{"href":"https:\/\/diarioregionaldigital.com.br\/index.php?rest_route=\/wp\/v2\/types\/post"}],"author":[{"embeddable":true,"href":"https:\/\/diarioregionaldigital.com.br\/index.php?rest_route=\/wp\/v2\/users\/246"}],"replies":[{"embeddable":true,"href":"https:\/\/diarioregionaldigital.com.br\/index.php?rest_route=%2Fwp%2Fv2%2Fcomments&post=188295"}],"version-history":[{"count":1,"href":"https:\/\/diarioregionaldigital.com.br\/index.php?rest_route=\/wp\/v2\/posts\/188295\/revisions"}],"predecessor-version":[{"id":188297,"href":"https:\/\/diarioregionaldigital.com.br\/index.php?rest_route=\/wp\/v2\/posts\/188295\/revisions\/188297"}],"wp:featuredmedia":[{"embeddable":true,"href":"https:\/\/diarioregionaldigital.com.br\/index.php?rest_route=\/wp\/v2\/media\/188296"}],"wp:attachment":[{"href":"https:\/\/diarioregionaldigital.com.br\/index.php?rest_route=%2Fwp%2Fv2%2Fmedia&parent=188295"}],"wp:term":[{"taxonomy":"category","embeddable":true,"href":"https:\/\/diarioregionaldigital.com.br\/index.php?rest_route=%2Fwp%2Fv2%2Fcategories&post=188295"},{"taxonomy":"post_tag","embeddable":true,"href":"https:\/\/diarioregionaldigital.com.br\/index.php?rest_route=%2Fwp%2Fv2%2Ftags&post=188295"}],"curies":[{"name":"wp","href":"https:\/\/api.w.org\/{rel}","templated":true}]}}