{"id":188292,"date":"2021-09-14T18:29:54","date_gmt":"2021-09-14T21:29:54","guid":{"rendered":"https:\/\/diarioregionaldigital.com.br\/?p=188292"},"modified":"2021-09-14T18:29:54","modified_gmt":"2021-09-14T21:29:54","slug":"ministro-do-trabalho-espera-criacao-de-25-milhoes-de-empregos-formais-ate-o-fim-do-ano","status":"publish","type":"post","link":"https:\/\/diarioregionaldigital.com.br\/?p=188292","title":{"rendered":"Ministro do Trabalho espera cria\u00e7\u00e3o de 2,5 milh\u00f5es de empregos formais at\u00e9 o fim do ano"},"content":{"rendered":"<p>O ministro Onyx Lorenzoni afirmou em audi\u00eancia p\u00fablica da Comiss\u00e3o de Trabalho da C\u00e2mara dos Deputados nesta ter\u00e7a-feira (14) que o foco do combate ao desemprego ser\u00e3o os jovens, e que a expectativa \u00e9 criar, at\u00e9 o final deste ano, 2,5 milh\u00f5es de postos formais de trabalho. Outro desafio \u00e9 diminuir a fila de espera pela concess\u00e3o de benef\u00edcios da Previd\u00eancia Social, que hoje chega a 1,8 milh\u00e3o de pessoas.<\/p>\n<p>Lorenzoni, que estava na Secretaria-Geral da Presid\u00eancia, tomou posse como ministro do Trabalho e Previd\u00eancia Social em 3 de agosto, logo ap\u00f3s a Pasta ter sido desmembrada do Minist\u00e9rio da Economia.<\/p>\n<p>Deputados da base do governo e da oposi\u00e7\u00e3o elogiaram a recria\u00e7\u00e3o do minist\u00e9rio, e o presidente da Comiss\u00e3o de Trabalho da C\u00e2mara, deputado <a href=\"https:\/\/www.camara.leg.br\/deputados\/178835\">Afonso Motta (PDT-RS)<\/a>, apontou a preocupa\u00e7\u00e3o com os 14 milh\u00f5es de desempregados, situa\u00e7\u00e3o agravada pela pandemia de Covid-19.<\/p>\n<p>O ministro Onyx Lorenzoni criticou o lockdown imposto pela crise sanit\u00e1ria, que teve consequ\u00eancias econ\u00f4micas, e chamou de \u201ccatastrofismo\u201d as proje\u00e7\u00f5es feitas sobre o aumento dos \u00edndices de desemprego em decorr\u00eancia da pandemia.<\/p>\n<p>Ele lamentou que o Congresso n\u00e3o tenha aprovado a <a class=\"linkProposicao\" href=\"https:\/\/www.camara.leg.br\/noticias\/751704-medida-provisoria-retoma-acordos-para-reducao-salarial-ou-suspensao-de-contratos\">Medida Provis\u00f3ria 1045\/21,<\/a> que criou um novo programa emergencial de manuten\u00e7\u00e3o do emprego e da renda. E disse que quem mais \u201cpaga a conta\u201d do desemprego \u00e9 a popula\u00e7\u00e3o entre 18 e 29 anos, segundo a Organiza\u00e7\u00e3o Internacional do Trabalho (OIT).<\/p>\n<p>\u201cOs jovens que come\u00e7am a procurar emprego ao longo de crises econ\u00f4micas t\u00eam a pior hist\u00f3ria laboral, t\u00eam a menor remunera\u00e7\u00e3o, t\u00eam o menor n\u00famero de oportunidades ao longo da sua vida. Esses dados s\u00e3o de estudos internacionais comandados pela OIT\u201d.<\/p>\n<p><strong>Informalidade<br \/>\n<\/strong><br \/>\nO ministro foi questionado pelo deputado <a href=\"https:\/\/www.camara.leg.br\/deputados\/74283\">Vicentinho (PT-SP)<\/a> sobre a\u00e7\u00f5es efetivas para reduzir a informalidade. \u201cQual a proposta do minist\u00e9rio para formalizar as pessoas que tentam sobreviver por conta pr\u00f3pria, se esse contingente aumenta significativamente pela falta de emprego, mas a maioria nesse grupo n\u00e3o tem CNPJ?\u201d, indagou o deputado.<\/p>\n<p>O ministro Onyx Lorenzoni defendeu a adequa\u00e7\u00e3o das leis \u00e0s novas modalidades de trabalho, como o home office e o trabalho intermitente. Ele comparou o caminho at\u00e9 o trabalho formal a uma esp\u00e9cie de rampa: na base est\u00e3o os programas de renda e, conforme se avan\u00e7a, surgem alternativas como o servi\u00e7o volunt\u00e1rio e o trabalho incentivado.<\/p>\n<p>\u201cA CLT n\u00e3o atende \u00e0s necessidades hoje das regi\u00f5es Norte e Nordeste do Brasil, atende de maneira relativa ao Centro-Oeste e parte do Sudeste. Ela estaria adequada hoje, pelo perfil econ\u00f4mico, para atender o Sul e parte do Sudeste apenas\u201d, afirmou.<\/p>\n<p><strong>Previd\u00eancia<br \/>\n<\/strong><br \/>\nO novo ministro informou que a Previd\u00eancia Social perdeu cerca de 10 mil funcion\u00e1rios nos \u00faltimos dois anos, mas que algumas provid\u00eancias est\u00e3o sendo tomadas para acelerar a an\u00e1lise dos processos de concess\u00e3o de benef\u00edcios.<\/p>\n<p>\u201cCom a amplia\u00e7\u00e3o da capacidade de an\u00e1lise em mais 500 mil processos mensais, a gente vai caminhar celeremente para ver se, no in\u00edcio do ano que vem, a gente j\u00e1 consegue ter uma fila, sen\u00e3o completamente zerada, civilizada\u201d, prometeu.<\/p>\n<p>O deputado <a href=\"https:\/\/www.camara.leg.br\/deputados\/204426\">Carlos Veras (PT-PE)<\/a> sugeriu a realiza\u00e7\u00e3o de mutir\u00f5es para diminuir a espera da popula\u00e7\u00e3o. \u201cTemos um problema na per\u00edcia, nos aux\u00edlios doen\u00e7a. N\u00e3o \u00e9 a regra, n\u00f3s entendemos isso, mas h\u00e1 casos de benefici\u00e1rios que est\u00e3o passando mais de seis meses pra poder fazer a per\u00edcia m\u00e9dica. O aux\u00edlio doen\u00e7a \u00e9 imediato: voc\u00ea passa 15 dias, 30 dias sem receber esse recurso, voc\u00ea vai ter que voltar a trabalhar doente, porque voc\u00ea n\u00e3o tem outra alternativa\u201d, lamentou.<\/p>\n<p>Deputados de oposi\u00e7\u00e3o tamb\u00e9m cobraram do ministro Onyx Lorenzoni uma pol\u00edtica para o sal\u00e1rio m\u00ednimo e a fiscaliza\u00e7\u00e3o de trabalho an\u00e1logo \u00e0 escravid\u00e3o.<\/p>\n<p>Fonte: Ag\u00eancia C\u00e2mara de Not\u00edcias<\/p>\n","protected":false},"excerpt":{"rendered":"<p>O ministro Onyx Lorenzoni afirmou em audi\u00eancia p\u00fablica da Comiss\u00e3o de Trabalho da C\u00e2mara dos Deputados nesta ter\u00e7a-feira (14) que o foco do combate ao desemprego ser\u00e3o os jovens, e que a expectativa \u00e9 criar, at\u00e9 o final deste ano, 2,5 milh\u00f5es de postos formais de trabalho. Outro desafio \u00e9 diminuir a fila de espera [&hellip;]<\/p>\n","protected":false},"author":246,"featured_media":188293,"comment_status":"closed","ping_status":"closed","sticky":false,"template":"","format":"standard","meta":{"footnotes":""},"categories":[436,254],"tags":[],"class_list":["post-188292","post","type-post","status-publish","format-standard","has-post-thumbnail","hentry","category-destaque-da-semana","category-politica"],"_links":{"self":[{"href":"https:\/\/diarioregionaldigital.com.br\/index.php?rest_route=\/wp\/v2\/posts\/188292","targetHints":{"allow":["GET"]}}],"collection":[{"href":"https:\/\/diarioregionaldigital.com.br\/index.php?rest_route=\/wp\/v2\/posts"}],"about":[{"href":"https:\/\/diarioregionaldigital.com.br\/index.php?rest_route=\/wp\/v2\/types\/post"}],"author":[{"embeddable":true,"href":"https:\/\/diarioregionaldigital.com.br\/index.php?rest_route=\/wp\/v2\/users\/246"}],"replies":[{"embeddable":true,"href":"https:\/\/diarioregionaldigital.com.br\/index.php?rest_route=%2Fwp%2Fv2%2Fcomments&post=188292"}],"version-history":[{"count":1,"href":"https:\/\/diarioregionaldigital.com.br\/index.php?rest_route=\/wp\/v2\/posts\/188292\/revisions"}],"predecessor-version":[{"id":188294,"href":"https:\/\/diarioregionaldigital.com.br\/index.php?rest_route=\/wp\/v2\/posts\/188292\/revisions\/188294"}],"wp:featuredmedia":[{"embeddable":true,"href":"https:\/\/diarioregionaldigital.com.br\/index.php?rest_route=\/wp\/v2\/media\/188293"}],"wp:attachment":[{"href":"https:\/\/diarioregionaldigital.com.br\/index.php?rest_route=%2Fwp%2Fv2%2Fmedia&parent=188292"}],"wp:term":[{"taxonomy":"category","embeddable":true,"href":"https:\/\/diarioregionaldigital.com.br\/index.php?rest_route=%2Fwp%2Fv2%2Fcategories&post=188292"},{"taxonomy":"post_tag","embeddable":true,"href":"https:\/\/diarioregionaldigital.com.br\/index.php?rest_route=%2Fwp%2Fv2%2Ftags&post=188292"}],"curies":[{"name":"wp","href":"https:\/\/api.w.org\/{rel}","templated":true}]}}