{"id":188239,"date":"2021-09-13T20:21:28","date_gmt":"2021-09-13T23:21:28","guid":{"rendered":"https:\/\/diarioregionaldigital.com.br\/?p=188239"},"modified":"2021-09-13T20:21:28","modified_gmt":"2021-09-13T23:21:28","slug":"smu-realiza-implantacao-de-gradis-em-diversos-pontos-da-cidade","status":"publish","type":"post","link":"https:\/\/diarioregionaldigital.com.br\/?p=188239","title":{"rendered":"SMU realiza implanta\u00e7\u00e3o de gradis em diversos pontos da cidade"},"content":{"rendered":"<p>Segundo informa\u00e7\u00f5es do site da Prefeitura de Juiz de Fora, na \u00faltima semana, a Secretaria de Mobilidade Urbana (SMU) da Prefeitura de Juiz de Fora (PJF) realizou a implanta\u00e7\u00e3o de 13 gradis em diversas comunidades do munic\u00edpio. Trata-se de uma a\u00e7\u00e3o cont\u00ednua da secretaria, que tem como objetivo proporcionar maior seguran\u00e7a aos pedestres.<\/p>\n<p>Os trabalhos mais recentes tiveram como foco as escolas, tendo em vista o retorno das aulas presenciais da educa\u00e7\u00e3o infantil a partir da pr\u00f3xima segunda-feira, 20. Assim, foram implantados gradis em frente \u00e0s escolas municipais Afonso Maria de Paiva, no bairro Santa Cruz, Professora Maria das Dores, no bairro Benfica, e a Escola Estadual C\u00e2ndido Mota Filho, no bairro Santa C\u00e2ndida. Al\u00e9m disso, tamb\u00e9m foi conclu\u00edda a manuten\u00e7\u00e3o de um gradil na avenida Presidente Itamar Franco, pr\u00f3ximo \u00e0 rotat\u00f3ria da Associa\u00e7\u00e3o Feminina de Preven\u00e7\u00e3o e Combate ao C\u00e2ncer de Juiz de Fora (Ascomcer), no bairro Cascatinha.<\/p>\n<p>Segundo o supervisor do setor de sinaliza\u00e7\u00e3o da SMU, Breno Neves, o servi\u00e7o busca refor\u00e7ar a sinaliza\u00e7\u00e3o nas escolas, direcionando os pedestres para uma travessia correta e segura. \u201cS\u00e3o trechos onde ocorre intenso fluxo de pessoas e ve\u00edculos, sobretudo na entrada e sa\u00edda dos alunos, da\u00ed a import\u00e2ncia dos gradis. At\u00e9 o final do m\u00eas, seguiremos com essa iniciativa, atendendo bairros como Mariano Proc\u00f3pio, Bandeirantes, Parque Guarani e Grama\u201d.<\/p>\n","protected":false},"excerpt":{"rendered":"<p>Segundo informa\u00e7\u00f5es do site da Prefeitura de Juiz de Fora, na \u00faltima semana, a Secretaria de Mobilidade Urbana (SMU) da Prefeitura de Juiz de Fora (PJF) realizou a implanta\u00e7\u00e3o de 13 gradis em diversas comunidades do munic\u00edpio. Trata-se de uma a\u00e7\u00e3o cont\u00ednua da secretaria, que tem como objetivo proporcionar maior seguran\u00e7a aos pedestres. Os trabalhos [&hellip;]<\/p>\n","protected":false},"author":246,"featured_media":188240,"comment_status":"closed","ping_status":"closed","sticky":false,"template":"","format":"standard","meta":{"footnotes":""},"categories":[253,436],"tags":[],"class_list":["post-188239","post","type-post","status-publish","format-standard","has-post-thumbnail","hentry","category-cidade","category-destaque-da-semana"],"_links":{"self":[{"href":"https:\/\/diarioregionaldigital.com.br\/index.php?rest_route=\/wp\/v2\/posts\/188239","targetHints":{"allow":["GET"]}}],"collection":[{"href":"https:\/\/diarioregionaldigital.com.br\/index.php?rest_route=\/wp\/v2\/posts"}],"about":[{"href":"https:\/\/diarioregionaldigital.com.br\/index.php?rest_route=\/wp\/v2\/types\/post"}],"author":[{"embeddable":true,"href":"https:\/\/diarioregionaldigital.com.br\/index.php?rest_route=\/wp\/v2\/users\/246"}],"replies":[{"embeddable":true,"href":"https:\/\/diarioregionaldigital.com.br\/index.php?rest_route=%2Fwp%2Fv2%2Fcomments&post=188239"}],"version-history":[{"count":1,"href":"https:\/\/diarioregionaldigital.com.br\/index.php?rest_route=\/wp\/v2\/posts\/188239\/revisions"}],"predecessor-version":[{"id":188241,"href":"https:\/\/diarioregionaldigital.com.br\/index.php?rest_route=\/wp\/v2\/posts\/188239\/revisions\/188241"}],"wp:featuredmedia":[{"embeddable":true,"href":"https:\/\/diarioregionaldigital.com.br\/index.php?rest_route=\/wp\/v2\/media\/188240"}],"wp:attachment":[{"href":"https:\/\/diarioregionaldigital.com.br\/index.php?rest_route=%2Fwp%2Fv2%2Fmedia&parent=188239"}],"wp:term":[{"taxonomy":"category","embeddable":true,"href":"https:\/\/diarioregionaldigital.com.br\/index.php?rest_route=%2Fwp%2Fv2%2Fcategories&post=188239"},{"taxonomy":"post_tag","embeddable":true,"href":"https:\/\/diarioregionaldigital.com.br\/index.php?rest_route=%2Fwp%2Fv2%2Ftags&post=188239"}],"curies":[{"name":"wp","href":"https:\/\/api.w.org\/{rel}","templated":true}]}}