{"id":188236,"date":"2021-09-13T20:19:21","date_gmt":"2021-09-13T23:19:21","guid":{"rendered":"https:\/\/diarioregionaldigital.com.br\/?p=188236"},"modified":"2021-09-13T20:19:21","modified_gmt":"2021-09-13T23:19:21","slug":"desmonte-de-rocha-interdita-avenida-rio-branco-na-altura-do-bairro-cruzeiro-do-sul-nesta-quarta-feira-15","status":"publish","type":"post","link":"https:\/\/diarioregionaldigital.com.br\/?p=188236","title":{"rendered":"Desmonte de rocha interdita avenida Rio Branco na altura do bairro Cruzeiro do Sul nesta quarta-feira, 15"},"content":{"rendered":"<div id=\"box_texto_noticia\">Segundo informa\u00e7\u00f5es do site da Prefeitura de Juiz de Fora, nesta quarta-feira, 15, \u00e0s 15 h, ser\u00e1 realizado mais um procedimento de desmonte de rocha na avenida Bar\u00e3o Rio Branco, na altura do bairro Cruzeiro do Sul, em virtude de uma obra da constru\u00e7\u00e3o civil. Desta forma, o tr\u00e2nsito local ser\u00e1 interditado no trecho entre a rua Ibitiguaia e a avenida Joaquim Vicente Guedes para a implos\u00e3o.<\/p>\n<p>A previs\u00e3o \u00e9 de que a via seja liberada em cerca de dez minutos, ap\u00f3s a conclus\u00e3o da opera\u00e7\u00e3o. Por\u00e9m, neste prazo, n\u00e3o ser\u00e1 permitida a circula\u00e7\u00e3o de pedestres no trecho da interdi\u00e7\u00e3o e nem a circula\u00e7\u00e3o de ve\u00edculos na avenida Presidente Jo\u00e3o Goulart, onde est\u00e3o instalados um supermercado e uma faculdade. A sa\u00edda da rua Aurora Torres para a avenida Rio Branco tamb\u00e9m ser\u00e1 fechada. A partir da noite desta ter\u00e7a-feira, 14, o estacionamento para ve\u00edculos ficar\u00e1 proibido em parte do trecho a ser interditado para implos\u00e3o.<\/p>\n<p>Os agentes de transporte e tr\u00e2nsito da Secretaria de Mobilidade Urbana (SMU) v\u00e3o monitorar toda a opera\u00e7\u00e3o, que tamb\u00e9m conta com o apoio da Pol\u00edcia Militar (PM). Cerca de uma hora antes da detona\u00e7\u00e3o, a equipe estar\u00e1 com um efetivo na \u00e1rea de interdi\u00e7\u00e3o para controlar o fechamento e posterior libera\u00e7\u00e3o da via.<\/p><\/div>\n<p>&nbsp;<\/p>\n<div id=\"box_compartilhar\" align=\"right\"><\/div>\n","protected":false},"excerpt":{"rendered":"<p>Segundo informa\u00e7\u00f5es do site da Prefeitura de Juiz de Fora, nesta quarta-feira, 15, \u00e0s 15 h, ser\u00e1 realizado mais um procedimento de desmonte de rocha na avenida Bar\u00e3o Rio Branco, na altura do bairro Cruzeiro do Sul, em virtude de uma obra da constru\u00e7\u00e3o civil. Desta forma, o tr\u00e2nsito local ser\u00e1 interditado no trecho entre [&hellip;]<\/p>\n","protected":false},"author":246,"featured_media":188237,"comment_status":"closed","ping_status":"closed","sticky":false,"template":"","format":"standard","meta":{"footnotes":""},"categories":[253,436],"tags":[],"class_list":["post-188236","post","type-post","status-publish","format-standard","has-post-thumbnail","hentry","category-cidade","category-destaque-da-semana"],"_links":{"self":[{"href":"https:\/\/diarioregionaldigital.com.br\/index.php?rest_route=\/wp\/v2\/posts\/188236","targetHints":{"allow":["GET"]}}],"collection":[{"href":"https:\/\/diarioregionaldigital.com.br\/index.php?rest_route=\/wp\/v2\/posts"}],"about":[{"href":"https:\/\/diarioregionaldigital.com.br\/index.php?rest_route=\/wp\/v2\/types\/post"}],"author":[{"embeddable":true,"href":"https:\/\/diarioregionaldigital.com.br\/index.php?rest_route=\/wp\/v2\/users\/246"}],"replies":[{"embeddable":true,"href":"https:\/\/diarioregionaldigital.com.br\/index.php?rest_route=%2Fwp%2Fv2%2Fcomments&post=188236"}],"version-history":[{"count":1,"href":"https:\/\/diarioregionaldigital.com.br\/index.php?rest_route=\/wp\/v2\/posts\/188236\/revisions"}],"predecessor-version":[{"id":188238,"href":"https:\/\/diarioregionaldigital.com.br\/index.php?rest_route=\/wp\/v2\/posts\/188236\/revisions\/188238"}],"wp:featuredmedia":[{"embeddable":true,"href":"https:\/\/diarioregionaldigital.com.br\/index.php?rest_route=\/wp\/v2\/media\/188237"}],"wp:attachment":[{"href":"https:\/\/diarioregionaldigital.com.br\/index.php?rest_route=%2Fwp%2Fv2%2Fmedia&parent=188236"}],"wp:term":[{"taxonomy":"category","embeddable":true,"href":"https:\/\/diarioregionaldigital.com.br\/index.php?rest_route=%2Fwp%2Fv2%2Fcategories&post=188236"},{"taxonomy":"post_tag","embeddable":true,"href":"https:\/\/diarioregionaldigital.com.br\/index.php?rest_route=%2Fwp%2Fv2%2Ftags&post=188236"}],"curies":[{"name":"wp","href":"https:\/\/api.w.org\/{rel}","templated":true}]}}