{"id":188162,"date":"2021-09-10T18:46:39","date_gmt":"2021-09-10T21:46:39","guid":{"rendered":"https:\/\/diarioregionaldigital.com.br\/?p=188162"},"modified":"2021-09-10T18:46:39","modified_gmt":"2021-09-10T21:46:39","slug":"desmonte-de-rocha-na-rio-branco-neste-sabado-e-suspenso","status":"publish","type":"post","link":"https:\/\/diarioregionaldigital.com.br\/?p=188162","title":{"rendered":"Desmonte de rocha na Rio Branco neste s\u00e1bado \u00e9 suspenso"},"content":{"rendered":"<div id=\"box_texto_noticia\">Segundo informa\u00e7\u00f5es do site da Prefeitura de Juiz de Fora, foi suspenso pela empresa respons\u00e1vel o procedimento de desmonte de rocha na avenida Bar\u00e3o Rio Branco, na altura do bairro Cruzeiro do Sul, que era previsto para este s\u00e1bado, 11, \u00e0s 15h. O desmonte faz parte de uma obra da constru\u00e7\u00e3o civil e ser\u00e1 reagendado para uma data futura. Desta forma, a Secretaria de Mobilidade Urbana (SMU) informa que n\u00e3o far\u00e1 altera\u00e7\u00f5es no tr\u00e2nsito local.<\/div>\n<p>&nbsp;<\/p>\n<div id=\"box_compartilhar\" align=\"right\"><\/div>\n","protected":false},"excerpt":{"rendered":"<p>Segundo informa\u00e7\u00f5es do site da Prefeitura de Juiz de Fora, foi suspenso pela empresa respons\u00e1vel o procedimento de desmonte de rocha na avenida Bar\u00e3o Rio Branco, na altura do bairro Cruzeiro do Sul, que era previsto para este s\u00e1bado, 11, \u00e0s 15h. O desmonte faz parte de uma obra da constru\u00e7\u00e3o civil e ser\u00e1 reagendado [&hellip;]<\/p>\n","protected":false},"author":246,"featured_media":188163,"comment_status":"closed","ping_status":"closed","sticky":false,"template":"","format":"standard","meta":{"footnotes":""},"categories":[253,436],"tags":[],"class_list":["post-188162","post","type-post","status-publish","format-standard","has-post-thumbnail","hentry","category-cidade","category-destaque-da-semana"],"_links":{"self":[{"href":"https:\/\/diarioregionaldigital.com.br\/index.php?rest_route=\/wp\/v2\/posts\/188162","targetHints":{"allow":["GET"]}}],"collection":[{"href":"https:\/\/diarioregionaldigital.com.br\/index.php?rest_route=\/wp\/v2\/posts"}],"about":[{"href":"https:\/\/diarioregionaldigital.com.br\/index.php?rest_route=\/wp\/v2\/types\/post"}],"author":[{"embeddable":true,"href":"https:\/\/diarioregionaldigital.com.br\/index.php?rest_route=\/wp\/v2\/users\/246"}],"replies":[{"embeddable":true,"href":"https:\/\/diarioregionaldigital.com.br\/index.php?rest_route=%2Fwp%2Fv2%2Fcomments&post=188162"}],"version-history":[{"count":1,"href":"https:\/\/diarioregionaldigital.com.br\/index.php?rest_route=\/wp\/v2\/posts\/188162\/revisions"}],"predecessor-version":[{"id":188164,"href":"https:\/\/diarioregionaldigital.com.br\/index.php?rest_route=\/wp\/v2\/posts\/188162\/revisions\/188164"}],"wp:featuredmedia":[{"embeddable":true,"href":"https:\/\/diarioregionaldigital.com.br\/index.php?rest_route=\/wp\/v2\/media\/188163"}],"wp:attachment":[{"href":"https:\/\/diarioregionaldigital.com.br\/index.php?rest_route=%2Fwp%2Fv2%2Fmedia&parent=188162"}],"wp:term":[{"taxonomy":"category","embeddable":true,"href":"https:\/\/diarioregionaldigital.com.br\/index.php?rest_route=%2Fwp%2Fv2%2Fcategories&post=188162"},{"taxonomy":"post_tag","embeddable":true,"href":"https:\/\/diarioregionaldigital.com.br\/index.php?rest_route=%2Fwp%2Fv2%2Ftags&post=188162"}],"curies":[{"name":"wp","href":"https:\/\/api.w.org\/{rel}","templated":true}]}}