{"id":188159,"date":"2021-09-10T18:42:21","date_gmt":"2021-09-10T21:42:21","guid":{"rendered":"https:\/\/diarioregionaldigital.com.br\/?p=188159"},"modified":"2021-09-10T18:42:21","modified_gmt":"2021-09-10T21:42:21","slug":"secretaria-de-saude-entrega-20-mil-mascaras-para-trabalhadores-da-educacao","status":"publish","type":"post","link":"https:\/\/diarioregionaldigital.com.br\/?p=188159","title":{"rendered":"Secretaria de Sa\u00fade entrega 20 mil m\u00e1scaras para trabalhadores da educa\u00e7\u00e3o"},"content":{"rendered":"<p>A Secretaria de Sa\u00fade (SS) da Prefeitura de Juiz de Fora (PJF) entregou, na quinta-feira, 9, 20 mil m\u00e1scaras N95 \u00e0 Secretaria de Educa\u00e7\u00e3o (SE) para ajudar no combate \u00e0 pandemia. As m\u00e1scaras fazem parte dos protocolos de seguran\u00e7a para o retorno presencial das aulas no munic\u00edpio, e ser\u00e3o entregues aos trabalhadores e trabalhadoras da rede municipal de ensino, colaborando para uma seguran\u00e7a mais eficaz em toda comunidade escolar.<\/p>\n<p>Segundo informa\u00e7\u00f5es do site da Prefeitura de Juiz de Fora, a m\u00e1scara N95 \u00e9 uma m\u00e1scara do tipo hospitalar e que, praticamente, n\u00e3o tem vazamento. Todo o ar inspirado \u00e9 filtrado pelas v\u00e1rias camadas de tecido que a m\u00e1scara possui, incluindo part\u00edculas virais muito pequenas. De acordo com a Secret\u00e1ria de Sa\u00fade, Ana Pimentel, as m\u00e1scaras s\u00e3o as maiores aliadas para evitar a transmiss\u00e3o do v\u00edrus.<\/p>\n<p>\u201cO papel principal da m\u00e1scara \u00e9 evitar a transmiss\u00e3o do v\u00edrus atrav\u00e9s da pessoa que est\u00e1 positivo. Devemos lembrar que uma parte da popula\u00e7\u00e3o \u00e9 assintom\u00e1tica, ou seja, n\u00e3o apresenta os sintomas, mas transmite o v\u00edrus, incluindo as crian\u00e7as. Esses pacientes, usando a m\u00e1scara, evitam disseminar o v\u00edrus para outras pessoas. O v\u00edrus \u00e9 transmitido de forma respirat\u00f3ria, atrav\u00e9s de micropart\u00edculas e de contato. Ent\u00e3o o uso da m\u00e1scara, aliado ao \u00e1lcool 70% \u00e9 uma das formas mais eficazes de se proteger\u201d, afirma a secret\u00e1ria.<\/p>\n<p>Com as entregas, as escolas municipais se encontram adequadas e dentro dos crit\u00e9rios estabelecidos para a reabertura presencial das atividades escolares<\/p>\n","protected":false},"excerpt":{"rendered":"<p>A Secretaria de Sa\u00fade (SS) da Prefeitura de Juiz de Fora (PJF) entregou, na quinta-feira, 9, 20 mil m\u00e1scaras N95 \u00e0 Secretaria de Educa\u00e7\u00e3o (SE) para ajudar no combate \u00e0 pandemia. As m\u00e1scaras fazem parte dos protocolos de seguran\u00e7a para o retorno presencial das aulas no munic\u00edpio, e ser\u00e3o entregues aos trabalhadores e trabalhadoras da [&hellip;]<\/p>\n","protected":false},"author":246,"featured_media":188160,"comment_status":"closed","ping_status":"closed","sticky":false,"template":"","format":"standard","meta":{"footnotes":""},"categories":[253,440],"tags":[],"class_list":["post-188159","post","type-post","status-publish","format-standard","has-post-thumbnail","hentry","category-cidade","category-destaques-do-dia"],"_links":{"self":[{"href":"https:\/\/diarioregionaldigital.com.br\/index.php?rest_route=\/wp\/v2\/posts\/188159","targetHints":{"allow":["GET"]}}],"collection":[{"href":"https:\/\/diarioregionaldigital.com.br\/index.php?rest_route=\/wp\/v2\/posts"}],"about":[{"href":"https:\/\/diarioregionaldigital.com.br\/index.php?rest_route=\/wp\/v2\/types\/post"}],"author":[{"embeddable":true,"href":"https:\/\/diarioregionaldigital.com.br\/index.php?rest_route=\/wp\/v2\/users\/246"}],"replies":[{"embeddable":true,"href":"https:\/\/diarioregionaldigital.com.br\/index.php?rest_route=%2Fwp%2Fv2%2Fcomments&post=188159"}],"version-history":[{"count":1,"href":"https:\/\/diarioregionaldigital.com.br\/index.php?rest_route=\/wp\/v2\/posts\/188159\/revisions"}],"predecessor-version":[{"id":188161,"href":"https:\/\/diarioregionaldigital.com.br\/index.php?rest_route=\/wp\/v2\/posts\/188159\/revisions\/188161"}],"wp:featuredmedia":[{"embeddable":true,"href":"https:\/\/diarioregionaldigital.com.br\/index.php?rest_route=\/wp\/v2\/media\/188160"}],"wp:attachment":[{"href":"https:\/\/diarioregionaldigital.com.br\/index.php?rest_route=%2Fwp%2Fv2%2Fmedia&parent=188159"}],"wp:term":[{"taxonomy":"category","embeddable":true,"href":"https:\/\/diarioregionaldigital.com.br\/index.php?rest_route=%2Fwp%2Fv2%2Fcategories&post=188159"},{"taxonomy":"post_tag","embeddable":true,"href":"https:\/\/diarioregionaldigital.com.br\/index.php?rest_route=%2Fwp%2Fv2%2Ftags&post=188159"}],"curies":[{"name":"wp","href":"https:\/\/api.w.org\/{rel}","templated":true}]}}