{"id":188153,"date":"2021-09-10T18:25:23","date_gmt":"2021-09-10T21:25:23","guid":{"rendered":"https:\/\/diarioregionaldigital.com.br\/?p=188153"},"modified":"2021-09-10T18:25:23","modified_gmt":"2021-09-10T21:25:23","slug":"raducanu-e-fernandez-farao-final-adolescente-no-aberto-dos-eua","status":"publish","type":"post","link":"https:\/\/diarioregionaldigital.com.br\/?p=188153","title":{"rendered":"Raducanu e Fern\u00e1ndez far\u00e3o final adolescente no Aberto dos EUA"},"content":{"rendered":"<p>A cidade de Nova York assistir\u00e1 a uma batalha de adolescentes na final feminina do Aberto dos Estados Unidos de t\u00eanis no s\u00e1bado (11), j\u00e1 que a brit\u00e2nica Emma Raducanu se tornou a primeira tenista sa\u00edda do pr\u00e9-torneio classificat\u00f3rio a chegar \u00e0 disputa de um t\u00edtulo importante e enfrentar\u00e1 a canadense Leylah Fern\u00e1ndez, ap\u00f3s ambas deixarem gigantes pelo caminho.<img decoding=\"async\" src=\"https:\/\/agenciabrasil.ebc.com.br\/ebc.png?id=1421329&amp;o=node\" \/><img decoding=\"async\" src=\"https:\/\/agenciabrasil.ebc.com.br\/ebc.gif?id=1421329&amp;o=node\" \/><\/p>\n<p>A final no colossal Est\u00e1dio Arthur Ashe ser\u00e1 a primeira decis\u00e3o de um grande torneio da Era Aberta, seja na chave feminina ou masculina, a contar com tenistas que n\u00e3o s\u00e3o cabe\u00e7as de chave.<\/p>\n<p>Ela tamb\u00e9m marcar\u00e1 a primeira final de\u00a0<em>Grand Slam<\/em>\u00a0a ser disputada por duas jogadoras t\u00e3o jovens desde o confronto entre Serena Williams e Martina Hingis no Aberto dos EUA de 1999.<\/p>\n<p>Raducanu, de 18 anos, e Fern\u00e1ndez, que fez 19 anos nesta semana, ainda nem haviam nascido quando isso aconteceu.<\/p>\n<p>&#8220;N\u00f3s nos encontramos pela primeira vez porque nasci em Toronto e ela era canadense, ent\u00e3o n\u00f3s meio que criamos um relacionamentozinho na \u00e9poca&#8221;, disse Raducanu, cujos pais se mudaram para a Inglaterra quando ela tinha dois anos.<\/p>\n<p>Fern\u00e1ndez foi a primeira a garantir vaga na final na quinta-feira (8) ao derrotar a segunda cabe\u00e7a de chave Aryna Sabalenka por 7-6(3), 4-6 e 6-4 na primeira semifinal.<\/p>\n<p>&#8220;Como meu pai me dizia o tempo todo, n\u00e3o existe limite para o potencial do que posso fazer&#8221;, contou ela. &#8220;Todos os dias temos que trabalhar duro, temos que continuar lutando por isso.&#8221;<\/p>\n<p>Raducanu, por sua vez, precisou de pouco tempo para assegurar o seu lugar na decis\u00e3o, 84 minutos para derrotar a grega Maria Sakkari por 6-1 e 6-4 e se tornar a primeira brit\u00e2nica a chegar a uma final de\u00a0<em>Grand Slam<\/em>\u00a0desde Virginia Wade, em 1977 em Wimbledon. Ela chega \u00e0 final sem perder sequer um set no torneio norte-americano, a primeira tenista a fazer isso desde a alem\u00e3 Angelique Kerber em 2016.<\/p>\n<p><span style=\"font-weight: 400;\"><br \/>\n<\/span><span style=\"font-weight: 400;\">Fonte: Ag\u00eancia Brasil\u00a0<\/span><span style=\"font-weight: 400;\"><br \/>\n<\/span><\/p>\n","protected":false},"excerpt":{"rendered":"<p>A cidade de Nova York assistir\u00e1 a uma batalha de adolescentes na final feminina do Aberto dos Estados Unidos de t\u00eanis no s\u00e1bado (11), j\u00e1 que a brit\u00e2nica Emma Raducanu se tornou a primeira tenista sa\u00edda do pr\u00e9-torneio classificat\u00f3rio a chegar \u00e0 disputa de um t\u00edtulo importante e enfrentar\u00e1 a canadense Leylah Fern\u00e1ndez, ap\u00f3s ambas [&hellip;]<\/p>\n","protected":false},"author":246,"featured_media":188154,"comment_status":"closed","ping_status":"closed","sticky":false,"template":"","format":"standard","meta":{"footnotes":""},"categories":[436,257],"tags":[],"class_list":["post-188153","post","type-post","status-publish","format-standard","has-post-thumbnail","hentry","category-destaque-da-semana","category-esporte"],"_links":{"self":[{"href":"https:\/\/diarioregionaldigital.com.br\/index.php?rest_route=\/wp\/v2\/posts\/188153","targetHints":{"allow":["GET"]}}],"collection":[{"href":"https:\/\/diarioregionaldigital.com.br\/index.php?rest_route=\/wp\/v2\/posts"}],"about":[{"href":"https:\/\/diarioregionaldigital.com.br\/index.php?rest_route=\/wp\/v2\/types\/post"}],"author":[{"embeddable":true,"href":"https:\/\/diarioregionaldigital.com.br\/index.php?rest_route=\/wp\/v2\/users\/246"}],"replies":[{"embeddable":true,"href":"https:\/\/diarioregionaldigital.com.br\/index.php?rest_route=%2Fwp%2Fv2%2Fcomments&post=188153"}],"version-history":[{"count":1,"href":"https:\/\/diarioregionaldigital.com.br\/index.php?rest_route=\/wp\/v2\/posts\/188153\/revisions"}],"predecessor-version":[{"id":188155,"href":"https:\/\/diarioregionaldigital.com.br\/index.php?rest_route=\/wp\/v2\/posts\/188153\/revisions\/188155"}],"wp:featuredmedia":[{"embeddable":true,"href":"https:\/\/diarioregionaldigital.com.br\/index.php?rest_route=\/wp\/v2\/media\/188154"}],"wp:attachment":[{"href":"https:\/\/diarioregionaldigital.com.br\/index.php?rest_route=%2Fwp%2Fv2%2Fmedia&parent=188153"}],"wp:term":[{"taxonomy":"category","embeddable":true,"href":"https:\/\/diarioregionaldigital.com.br\/index.php?rest_route=%2Fwp%2Fv2%2Fcategories&post=188153"},{"taxonomy":"post_tag","embeddable":true,"href":"https:\/\/diarioregionaldigital.com.br\/index.php?rest_route=%2Fwp%2Fv2%2Ftags&post=188153"}],"curies":[{"name":"wp","href":"https:\/\/api.w.org\/{rel}","templated":true}]}}