{"id":188099,"date":"2021-09-09T20:14:40","date_gmt":"2021-09-09T23:14:40","guid":{"rendered":"https:\/\/diarioregionaldigital.com.br\/?p=188099"},"modified":"2021-09-09T20:14:40","modified_gmt":"2021-09-09T23:14:40","slug":"empav-atua-nos-servicos-de-recomposicao-asfaltica-no-bairro-parque-guarani","status":"publish","type":"post","link":"https:\/\/diarioregionaldigital.com.br\/?p=188099","title":{"rendered":"Empav atua nos servi\u00e7os de recomposi\u00e7\u00e3o asf\u00e1ltica no bairro Parque Guarani"},"content":{"rendered":"<p>Dando continuidade \u00e0s demandas semanais, servidores da Empresa Municipal de Pavimenta\u00e7\u00e3o e Urbaniza\u00e7\u00e3o (Empav) da Prefeitura de Juiz de Fora (PJF) realizam nesta quinta-feira, 9, a\u00e7\u00f5es de recomposi\u00e7\u00e3o asf\u00e1ltica no bairro Parque Guarani e de outras vias do munic\u00edpio.<\/p>\n<p>Segundo informa\u00e7\u00f5es do site da Prefeitura de Juiz de Fora, na quarta, dia 8, equipes conclu\u00edram os servi\u00e7os de tapa-buraco na ruas Franklin de Paula Marques e Ros\u00e1rio Fusco, ambas situadas no bairro Cidade do Sol; Rua Almiro Ribeiro de Toledo, no bairro Jardim de Al\u00e1; Rua \u00cdris Maestrini, bairro Santa Cec\u00edlia; Rua Tenente Jaime Pereira Braga, no Parque Serra Verde e Rua Jos\u00e9 Pires de Almeida, no bairro Retiro. Al\u00e9m disso, equipes trabalham na pavimenta\u00e7\u00e3o da Avenida Francisco Bernardino, no Centro, e na Rua Paulo Moreira Guedes, situada no bairro Parque das \u00c1guas.<\/p>\n<p>Confira a programa\u00e7\u00e3o dos bairros visitados pelas equipes da Empav nesta quinta-feira, 9:<\/p>\n<p>Avenida Francisco Bernardino &#8211; Centro<br \/>\nAvenida Presidente Juscelino Kubitschek &#8211; Diversos<br \/>\nRua Paulo Moreira Guedes &#8211; Parque das \u00c1guas<br \/>\nRua Sophia Rafael Zacarias &#8211; Parque Guarani*<br \/>\nRua Major Vicente Moura &#8211; Parque Guarani*<br \/>\nRua Senador Milton Campos &#8211; Parque Guarani*<br \/>\nRua Lu\u00eds Gonzaga de Figueiredo &#8211; Parque Serra Verde*<br \/>\nRua Professor Jorge Firmino de Santana &#8211; Parque Serra Verde<br \/>\nRua Doutor Saulo Vilela &#8211; Retiro*<br \/>\nRua Sebasti\u00e3o Cardoso &#8211; Retiro*<br \/>\nRua Almir Monteiro &#8211; Santa Cec\u00edlia*<br \/>\nRua Rita Monteiro &#8211; Santa Cec\u00edlia<\/p>\n<p>*Servi\u00e7os seguem em andamento nessas vias<\/p>\n","protected":false},"excerpt":{"rendered":"<p>Dando continuidade \u00e0s demandas semanais, servidores da Empresa Municipal de Pavimenta\u00e7\u00e3o e Urbaniza\u00e7\u00e3o (Empav) da Prefeitura de Juiz de Fora (PJF) realizam nesta quinta-feira, 9, a\u00e7\u00f5es de recomposi\u00e7\u00e3o asf\u00e1ltica no bairro Parque Guarani e de outras vias do munic\u00edpio. Segundo informa\u00e7\u00f5es do site da Prefeitura de Juiz de Fora, na quarta, dia 8, equipes conclu\u00edram [&hellip;]<\/p>\n","protected":false},"author":246,"featured_media":188100,"comment_status":"closed","ping_status":"closed","sticky":false,"template":"","format":"standard","meta":{"footnotes":""},"categories":[253,436],"tags":[],"class_list":["post-188099","post","type-post","status-publish","format-standard","has-post-thumbnail","hentry","category-cidade","category-destaque-da-semana"],"_links":{"self":[{"href":"https:\/\/diarioregionaldigital.com.br\/index.php?rest_route=\/wp\/v2\/posts\/188099","targetHints":{"allow":["GET"]}}],"collection":[{"href":"https:\/\/diarioregionaldigital.com.br\/index.php?rest_route=\/wp\/v2\/posts"}],"about":[{"href":"https:\/\/diarioregionaldigital.com.br\/index.php?rest_route=\/wp\/v2\/types\/post"}],"author":[{"embeddable":true,"href":"https:\/\/diarioregionaldigital.com.br\/index.php?rest_route=\/wp\/v2\/users\/246"}],"replies":[{"embeddable":true,"href":"https:\/\/diarioregionaldigital.com.br\/index.php?rest_route=%2Fwp%2Fv2%2Fcomments&post=188099"}],"version-history":[{"count":1,"href":"https:\/\/diarioregionaldigital.com.br\/index.php?rest_route=\/wp\/v2\/posts\/188099\/revisions"}],"predecessor-version":[{"id":188101,"href":"https:\/\/diarioregionaldigital.com.br\/index.php?rest_route=\/wp\/v2\/posts\/188099\/revisions\/188101"}],"wp:featuredmedia":[{"embeddable":true,"href":"https:\/\/diarioregionaldigital.com.br\/index.php?rest_route=\/wp\/v2\/media\/188100"}],"wp:attachment":[{"href":"https:\/\/diarioregionaldigital.com.br\/index.php?rest_route=%2Fwp%2Fv2%2Fmedia&parent=188099"}],"wp:term":[{"taxonomy":"category","embeddable":true,"href":"https:\/\/diarioregionaldigital.com.br\/index.php?rest_route=%2Fwp%2Fv2%2Fcategories&post=188099"},{"taxonomy":"post_tag","embeddable":true,"href":"https:\/\/diarioregionaldigital.com.br\/index.php?rest_route=%2Fwp%2Fv2%2Ftags&post=188099"}],"curies":[{"name":"wp","href":"https:\/\/api.w.org\/{rel}","templated":true}]}}