{"id":188095,"date":"2021-09-09T20:13:06","date_gmt":"2021-09-09T23:13:06","guid":{"rendered":"https:\/\/diarioregionaldigital.com.br\/?p=188095"},"modified":"2021-09-09T20:13:06","modified_gmt":"2021-09-09T23:13:06","slug":"desmonte-de-rocha-interdita-rio-branco-na-altura-do-bairro-cruzeiro-do-sul-neste-sabado","status":"publish","type":"post","link":"https:\/\/diarioregionaldigital.com.br\/?p=188095","title":{"rendered":"Desmonte de rocha interdita Rio Branco na altura do bairro Cruzeiro do Sul neste s\u00e1bado"},"content":{"rendered":"<div id=\"box_texto_noticia\">Neste s\u00e1bado, 11, \u00e0s 15h, ser\u00e1 realizado mais um procedimento de desmonte de rocha na avenida Bar\u00e3o Rio Branco, na altura do bairro Cruzeiro do Sul, em virtude de uma obra da constru\u00e7\u00e3o civil. Desta forma, o tr\u00e2nsito local ser\u00e1 interditado pela Secretaria de Mobilidade Urbana (SMU) para a implos\u00e3o, no trecho entre a rua Ibitiguaia e a avenida Joaquim Vicente Guedes.<\/p>\n<p>Segundo informa\u00e7\u00f5es do site da Prefeitura de Juiz de Fora, a previs\u00e3o \u00e9 de que a via seja liberada em cerca de dez minutos, ap\u00f3s a conclus\u00e3o da opera\u00e7\u00e3o. Por\u00e9m, neste prazo, n\u00e3o ser\u00e1 permitida a circula\u00e7\u00e3o de pedestres no trecho da interdi\u00e7\u00e3o e nem a circula\u00e7\u00e3o de ve\u00edculos na avenida Presidente Jo\u00e3o Goulart, onde est\u00e3o instalados um supermercado e uma faculdade. A sa\u00edda da rua Aurora Torres para a avenida Rio Branco tamb\u00e9m ser\u00e1 fechada. A partir da noite desta sexta-feira, 10, o estacionamento para ve\u00edculos ficar\u00e1 proibido em parte do trecho a ser interditado para implos\u00e3o.<\/p>\n<p>Os agentes de transporte e tr\u00e2nsito da SMU v\u00e3o monitorar toda a opera\u00e7\u00e3o, que tamb\u00e9m conta com o apoio da Pol\u00edcia Militar (PM). Cerca de uma hora antes da detona\u00e7\u00e3o, a equipe estar\u00e1 com um efetivo na \u00e1rea de interdi\u00e7\u00e3o para controlar o fechamento e posterior libera\u00e7\u00e3o da via.<\/p><\/div>\n<p>&nbsp;<\/p>\n<div id=\"box_compartilhar\" align=\"right\"><\/div>\n","protected":false},"excerpt":{"rendered":"<p>Neste s\u00e1bado, 11, \u00e0s 15h, ser\u00e1 realizado mais um procedimento de desmonte de rocha na avenida Bar\u00e3o Rio Branco, na altura do bairro Cruzeiro do Sul, em virtude de uma obra da constru\u00e7\u00e3o civil. Desta forma, o tr\u00e2nsito local ser\u00e1 interditado pela Secretaria de Mobilidade Urbana (SMU) para a implos\u00e3o, no trecho entre a rua [&hellip;]<\/p>\n","protected":false},"author":246,"featured_media":188096,"comment_status":"closed","ping_status":"closed","sticky":false,"template":"","format":"standard","meta":{"footnotes":""},"categories":[253,436],"tags":[],"class_list":["post-188095","post","type-post","status-publish","format-standard","has-post-thumbnail","hentry","category-cidade","category-destaque-da-semana"],"_links":{"self":[{"href":"https:\/\/diarioregionaldigital.com.br\/index.php?rest_route=\/wp\/v2\/posts\/188095","targetHints":{"allow":["GET"]}}],"collection":[{"href":"https:\/\/diarioregionaldigital.com.br\/index.php?rest_route=\/wp\/v2\/posts"}],"about":[{"href":"https:\/\/diarioregionaldigital.com.br\/index.php?rest_route=\/wp\/v2\/types\/post"}],"author":[{"embeddable":true,"href":"https:\/\/diarioregionaldigital.com.br\/index.php?rest_route=\/wp\/v2\/users\/246"}],"replies":[{"embeddable":true,"href":"https:\/\/diarioregionaldigital.com.br\/index.php?rest_route=%2Fwp%2Fv2%2Fcomments&post=188095"}],"version-history":[{"count":2,"href":"https:\/\/diarioregionaldigital.com.br\/index.php?rest_route=\/wp\/v2\/posts\/188095\/revisions"}],"predecessor-version":[{"id":188098,"href":"https:\/\/diarioregionaldigital.com.br\/index.php?rest_route=\/wp\/v2\/posts\/188095\/revisions\/188098"}],"wp:featuredmedia":[{"embeddable":true,"href":"https:\/\/diarioregionaldigital.com.br\/index.php?rest_route=\/wp\/v2\/media\/188096"}],"wp:attachment":[{"href":"https:\/\/diarioregionaldigital.com.br\/index.php?rest_route=%2Fwp%2Fv2%2Fmedia&parent=188095"}],"wp:term":[{"taxonomy":"category","embeddable":true,"href":"https:\/\/diarioregionaldigital.com.br\/index.php?rest_route=%2Fwp%2Fv2%2Fcategories&post=188095"},{"taxonomy":"post_tag","embeddable":true,"href":"https:\/\/diarioregionaldigital.com.br\/index.php?rest_route=%2Fwp%2Fv2%2Ftags&post=188095"}],"curies":[{"name":"wp","href":"https:\/\/api.w.org\/{rel}","templated":true}]}}