{"id":188092,"date":"2021-09-09T20:09:10","date_gmt":"2021-09-09T23:09:10","guid":{"rendered":"https:\/\/diarioregionaldigital.com.br\/?p=188092"},"modified":"2021-09-09T20:09:10","modified_gmt":"2021-09-09T23:09:10","slug":"linha-525-ira-operar-com-um-veiculo-durante-recesso-da-ufjf","status":"publish","type":"post","link":"https:\/\/diarioregionaldigital.com.br\/?p=188092","title":{"rendered":"Linha 525 ir\u00e1 operar com um ve\u00edculo durante recesso da UFJF"},"content":{"rendered":"<p>Segundo informa\u00e7\u00f5es do site da Prefeitura de Juiz de Fora, em virtude do recesso da Universidade Federal de Juiz de Fora (UFJF), que ocorre entre os dias 16 de setembro e 17 de outubro, a Secretaria de Mobilidade Urbana (SMU) da Prefeitura de Juiz de Fora (PJF) informa que, neste per\u00edodo, a linha 525 (Universidade) ir\u00e1 operar com apenas um ve\u00edculo, conforme os seguintes hor\u00e1rios:<\/p>\n<p><b>Sa\u00eddas do Centro<\/b><\/p>\n<p>. 6h30, 7h30, 8h30, 9h30, 10h30, 11h30, 12h30, 13h30, 14h30, 15h30, 16h30, 17h30, 18h30 e 19h30 (recolhe).<\/p>\n<p><b>Sa\u00eddas da UFJF<\/b><\/p>\n<p>. 6h, 7h, 8h, 9h, 10h, 11h, 12h, 13h, 14h, 15h, 16h, 17h, 18h e 19h.<\/p>\n<p>Ap\u00f3s o recesso da UFJF, a partir do dia 18 de outubro, a linha 525 volta a operar com dois ve\u00edculos, retomando seus hor\u00e1rios normais.<\/p>\n","protected":false},"excerpt":{"rendered":"<p>Segundo informa\u00e7\u00f5es do site da Prefeitura de Juiz de Fora, em virtude do recesso da Universidade Federal de Juiz de Fora (UFJF), que ocorre entre os dias 16 de setembro e 17 de outubro, a Secretaria de Mobilidade Urbana (SMU) da Prefeitura de Juiz de Fora (PJF) informa que, neste per\u00edodo, a linha 525 (Universidade) [&hellip;]<\/p>\n","protected":false},"author":246,"featured_media":188093,"comment_status":"closed","ping_status":"closed","sticky":false,"template":"","format":"standard","meta":{"footnotes":""},"categories":[253,436],"tags":[],"class_list":["post-188092","post","type-post","status-publish","format-standard","has-post-thumbnail","hentry","category-cidade","category-destaque-da-semana"],"_links":{"self":[{"href":"https:\/\/diarioregionaldigital.com.br\/index.php?rest_route=\/wp\/v2\/posts\/188092","targetHints":{"allow":["GET"]}}],"collection":[{"href":"https:\/\/diarioregionaldigital.com.br\/index.php?rest_route=\/wp\/v2\/posts"}],"about":[{"href":"https:\/\/diarioregionaldigital.com.br\/index.php?rest_route=\/wp\/v2\/types\/post"}],"author":[{"embeddable":true,"href":"https:\/\/diarioregionaldigital.com.br\/index.php?rest_route=\/wp\/v2\/users\/246"}],"replies":[{"embeddable":true,"href":"https:\/\/diarioregionaldigital.com.br\/index.php?rest_route=%2Fwp%2Fv2%2Fcomments&post=188092"}],"version-history":[{"count":1,"href":"https:\/\/diarioregionaldigital.com.br\/index.php?rest_route=\/wp\/v2\/posts\/188092\/revisions"}],"predecessor-version":[{"id":188094,"href":"https:\/\/diarioregionaldigital.com.br\/index.php?rest_route=\/wp\/v2\/posts\/188092\/revisions\/188094"}],"wp:featuredmedia":[{"embeddable":true,"href":"https:\/\/diarioregionaldigital.com.br\/index.php?rest_route=\/wp\/v2\/media\/188093"}],"wp:attachment":[{"href":"https:\/\/diarioregionaldigital.com.br\/index.php?rest_route=%2Fwp%2Fv2%2Fmedia&parent=188092"}],"wp:term":[{"taxonomy":"category","embeddable":true,"href":"https:\/\/diarioregionaldigital.com.br\/index.php?rest_route=%2Fwp%2Fv2%2Fcategories&post=188092"},{"taxonomy":"post_tag","embeddable":true,"href":"https:\/\/diarioregionaldigital.com.br\/index.php?rest_route=%2Fwp%2Fv2%2Ftags&post=188092"}],"curies":[{"name":"wp","href":"https:\/\/api.w.org\/{rel}","templated":true}]}}