{"id":188089,"date":"2021-09-09T20:06:42","date_gmt":"2021-09-09T23:06:42","guid":{"rendered":"https:\/\/diarioregionaldigital.com.br\/?p=188089"},"modified":"2021-09-09T20:06:42","modified_gmt":"2021-09-09T23:06:42","slug":"secretaria-de-saude-comeca-aplicacao-da-dose-de-reforco-em-idosos-institucionalizado","status":"publish","type":"post","link":"https:\/\/diarioregionaldigital.com.br\/?p=188089","title":{"rendered":"Secretaria de Sa\u00fade come\u00e7a aplica\u00e7\u00e3o da dose de refor\u00e7o em idosos institucionalizado"},"content":{"rendered":"<p>Assim como aconteceu no in\u00edcio da vacina\u00e7\u00e3o contra a Covid-19, a Secretaria de Sa\u00fade (SS) da Prefeitura de Juiz de Fora (PJF) come\u00e7a a aplicar a dose de refor\u00e7o contra o coronav\u00edrus nos idosos residentes das nas Institui\u00e7\u00f5es de Longa Perman\u00eancia para Idosos (ILPI).<\/p>\n<p>Segundo informa\u00e7\u00f5es do site da Prefeitura de Juiz de Fora, seguindo normas t\u00e9cnicas do Estado e do Minist\u00e9rio da Sa\u00fade, a SS est\u00e1 vacinando com a terceira dose todos os idosos com 70 anos ou mais que vivem nas ILPIs de Juiz de Fora com o imunizante Pfizer. Isso ocorre porque esses idosos j\u00e1 foram imunizados com as duas doses da Coronavac e precisam receber uma dose extra de refor\u00e7o, a fim de assegurar a imunidade contra a Covid-19.<\/p>\n<p>A Prefeitura tem cadastradas mais de 20 institui\u00e7\u00f5es onde residem idosos e j\u00e1 completou a imuniza\u00e7\u00e3o de alguns desses locais. A supervisora de Imuniza\u00e7\u00e3o da Secretaria de Sa\u00fade, Marcilene Chaves Costa, disse que a receptividade foi al\u00e9m do esperado. \u201cFoi gratificante ver a felicidade das pessoas com a chegada da nossa equipe e o quanto eles estavam esperan\u00e7osos com a dose de refor\u00e7o. Bom saber que estamos deixando as pessoas mais seguras\u201d, disse.<\/p>\n<p>Da mesma maneira que ocorreu com a primeira aplica\u00e7\u00e3o, a dose de refor\u00e7o seguir\u00e1 as faixas et\u00e1rias e grupos priorit\u00e1rios, de acordo com as remessas de vacinas enviadas, garantindo que todos fiquem protegidos contra a Covid-19<\/p>\n","protected":false},"excerpt":{"rendered":"<p>Assim como aconteceu no in\u00edcio da vacina\u00e7\u00e3o contra a Covid-19, a Secretaria de Sa\u00fade (SS) da Prefeitura de Juiz de Fora (PJF) come\u00e7a a aplicar a dose de refor\u00e7o contra o coronav\u00edrus nos idosos residentes das nas Institui\u00e7\u00f5es de Longa Perman\u00eancia para Idosos (ILPI). Segundo informa\u00e7\u00f5es do site da Prefeitura de Juiz de Fora, seguindo [&hellip;]<\/p>\n","protected":false},"author":246,"featured_media":188090,"comment_status":"closed","ping_status":"closed","sticky":false,"template":"","format":"standard","meta":{"footnotes":""},"categories":[253,440],"tags":[],"class_list":["post-188089","post","type-post","status-publish","format-standard","has-post-thumbnail","hentry","category-cidade","category-destaques-do-dia"],"_links":{"self":[{"href":"https:\/\/diarioregionaldigital.com.br\/index.php?rest_route=\/wp\/v2\/posts\/188089","targetHints":{"allow":["GET"]}}],"collection":[{"href":"https:\/\/diarioregionaldigital.com.br\/index.php?rest_route=\/wp\/v2\/posts"}],"about":[{"href":"https:\/\/diarioregionaldigital.com.br\/index.php?rest_route=\/wp\/v2\/types\/post"}],"author":[{"embeddable":true,"href":"https:\/\/diarioregionaldigital.com.br\/index.php?rest_route=\/wp\/v2\/users\/246"}],"replies":[{"embeddable":true,"href":"https:\/\/diarioregionaldigital.com.br\/index.php?rest_route=%2Fwp%2Fv2%2Fcomments&post=188089"}],"version-history":[{"count":1,"href":"https:\/\/diarioregionaldigital.com.br\/index.php?rest_route=\/wp\/v2\/posts\/188089\/revisions"}],"predecessor-version":[{"id":188091,"href":"https:\/\/diarioregionaldigital.com.br\/index.php?rest_route=\/wp\/v2\/posts\/188089\/revisions\/188091"}],"wp:featuredmedia":[{"embeddable":true,"href":"https:\/\/diarioregionaldigital.com.br\/index.php?rest_route=\/wp\/v2\/media\/188090"}],"wp:attachment":[{"href":"https:\/\/diarioregionaldigital.com.br\/index.php?rest_route=%2Fwp%2Fv2%2Fmedia&parent=188089"}],"wp:term":[{"taxonomy":"category","embeddable":true,"href":"https:\/\/diarioregionaldigital.com.br\/index.php?rest_route=%2Fwp%2Fv2%2Fcategories&post=188089"},{"taxonomy":"post_tag","embeddable":true,"href":"https:\/\/diarioregionaldigital.com.br\/index.php?rest_route=%2Fwp%2Fv2%2Ftags&post=188089"}],"curies":[{"name":"wp","href":"https:\/\/api.w.org\/{rel}","templated":true}]}}