{"id":188086,"date":"2021-09-09T20:01:23","date_gmt":"2021-09-09T23:01:23","guid":{"rendered":"https:\/\/diarioregionaldigital.com.br\/?p=188086"},"modified":"2021-09-09T20:01:23","modified_gmt":"2021-09-09T23:01:23","slug":"vasco-anuncia-fernando-diniz-como-novo-tecnico","status":"publish","type":"post","link":"https:\/\/diarioregionaldigital.com.br\/?p=188086","title":{"rendered":"Vasco anuncia Fernando Diniz como novo t\u00e9cnico"},"content":{"rendered":"<p>Depois de Marcelo Cabo e\u00a0<img decoding=\"async\" src=\"https:\/\/agenciabrasil.ebc.com.br\/ebc.png?id=1421187&amp;o=node\" \/><img decoding=\"async\" src=\"https:\/\/agenciabrasil.ebc.com.br\/ebc.gif?id=1421187&amp;o=node\" \/>Lisca, \u00e9 a vez de Fernando Diniz assumir o desafio de treinar o Vasco da Gama na temporada.\u00a0<img decoding=\"async\" src=\"https:\/\/agenciabrasil.ebc.com.br\/ebc.png?id=1421187&amp;o=node\" \/><img decoding=\"async\" src=\"https:\/\/agenciabrasil.ebc.com.br\/ebc.gif?id=1421187&amp;o=node\" \/>\u00a0<img decoding=\"async\" src=\"https:\/\/agenciabrasil.ebc.com.br\/ebc.png?id=1421187&amp;o=node\" \/><img decoding=\"async\" src=\"https:\/\/agenciabrasil.ebc.com.br\/ebc.gif?id=1421187&amp;o=node\" \/>Aos 47 anos, com passagens por Santos, S\u00e3o Paulo e Fluminense, Diniz chega \u00e0\u00a0<img decoding=\"async\" src=\"https:\/\/agenciabrasil.ebc.com.br\/ebc.png?id=1421187&amp;o=node\" \/><img decoding=\"async\" src=\"https:\/\/agenciabrasil.ebc.com.br\/ebc.gif?id=1421187&amp;o=node\" \/>Colina com a miss\u00e3o de levar o Cruzmaltino de volta\u00a0<img decoding=\"async\" src=\"https:\/\/agenciabrasil.ebc.com.br\/ebc.png?id=1421187&amp;o=node\" \/><img decoding=\"async\" src=\"https:\/\/agenciabrasil.ebc.com.br\/ebc.gif?id=1421187&amp;o=node\" \/>\u00e0 elite do futebol brasileiro. O time carioca est\u00e1 na 9\u00aa\u00a0<img decoding=\"async\" src=\"https:\/\/agenciabrasil.ebc.com.br\/ebc.png?id=1421187&amp;o=node\" \/><img decoding=\"async\" src=\"https:\/\/agenciabrasil.ebc.com.br\/ebc.gif?id=1421187&amp;o=node\" \/>coloca\u00e7\u00e3o da S\u00e9rie B com 32 pontos e a seis de dist\u00e2ncia do Botafogo, o primeiro time do pelot\u00e3o do G4.<\/p>\n<p>Fernando Diniz chega ao Gigante do Colina com contrato v\u00e1lido at\u00e9 o final da temporada, ao lado dos auxiliares Eduardo Zuma e Yan Razera\u00a0<img decoding=\"async\" src=\"https:\/\/agenciabrasil.ebc.com.br\/ebc.png?id=1421187&amp;o=node\" \/><img decoding=\"async\" src=\"https:\/\/agenciabrasil.ebc.com.br\/ebc.gif?id=1421187&amp;o=node\" \/>e do preparador f\u00edsico Wagner Bertelli. Eles se juntam aos membros da comiss\u00e3o t\u00e9cnica permanente do clube ainda nesta semana.<\/p>\n<p>Natural de Patos de Minas (MG), Fernando Diniz iniciou sua carreira como treinador em 2008, quando tamb\u00e9m se despediu dos gramados como jogador. O ex-meia\u00a0<img decoding=\"async\" src=\"https:\/\/agenciabrasil.ebc.com.br\/ebc.png?id=1421187&amp;o=node\" \/><img decoding=\"async\" src=\"https:\/\/agenciabrasil.ebc.com.br\/ebc.gif?id=1421187&amp;o=node\" \/>come\u00e7ou sua hist\u00f3ria \u00e0 beira do campo em\u00a0<img decoding=\"async\" src=\"https:\/\/agenciabrasil.ebc.com.br\/ebc.png?id=1421187&amp;o=node\" \/><img decoding=\"async\" src=\"https:\/\/agenciabrasil.ebc.com.br\/ebc.gif?id=1421187&amp;o=node\" \/>equipes do interior paulista: Paulista, Botafogo, Atl\u00e9tico Sorocada, Guaratinguet\u00e1 e Oeste.\u00a0<img decoding=\"async\" src=\"https:\/\/agenciabrasil.ebc.com.br\/ebc.png?id=1421187&amp;o=node\" \/><img decoding=\"async\" src=\"https:\/\/agenciabrasil.ebc.com.br\/ebc.gif?id=1421187&amp;o=node\" \/>O primeiro trabalho de destaque foi em 2016 quando chegou \u00e0s finais do Paulist\u00e3o comandando o Audax.<\/p>\n<p>O Vasco volta a campo na pr\u00f3xima\u00a0<img decoding=\"async\" src=\"https:\/\/agenciabrasil.ebc.com.br\/ebc.png?id=1421187&amp;o=node\" \/><img decoding=\"async\" src=\"https:\/\/agenciabrasil.ebc.com.br\/ebc.gif?id=1421187&amp;o=node\" \/><span id=\"OBJ_PREFIX_DWT117_com_zimbra_date\" role=\"link\">quinta (16)<\/span>, quando enfrenta o CRB, em Alagoas, pela rodada de n\u00famero 24\u00a0<img decoding=\"async\" src=\"https:\/\/agenciabrasil.ebc.com.br\/ebc.png?id=1421187&amp;o=node\" \/><img decoding=\"async\" src=\"https:\/\/agenciabrasil.ebc.com.br\/ebc.gif?id=1421187&amp;o=node\" \/>do total de 38 do Brasileir\u00e3o da S\u00e9rie B.<\/p>\n<p><span style=\"font-weight: 400;\">Fonte: Ag\u00eancia Brasil <\/span><\/p>\n","protected":false},"excerpt":{"rendered":"<p>Depois de Marcelo Cabo e\u00a0Lisca, \u00e9 a vez de Fernando Diniz assumir o desafio de treinar o Vasco da Gama na temporada.\u00a0\u00a0Aos 47 anos, com passagens por Santos, S\u00e3o Paulo e Fluminense, Diniz chega \u00e0\u00a0Colina com a miss\u00e3o de levar o Cruzmaltino de volta\u00a0\u00e0 elite do futebol brasileiro. O time carioca est\u00e1 na 9\u00aa\u00a0coloca\u00e7\u00e3o da [&hellip;]<\/p>\n","protected":false},"author":246,"featured_media":188087,"comment_status":"closed","ping_status":"closed","sticky":false,"template":"","format":"standard","meta":{"footnotes":""},"categories":[436,257],"tags":[],"class_list":["post-188086","post","type-post","status-publish","format-standard","has-post-thumbnail","hentry","category-destaque-da-semana","category-esporte"],"_links":{"self":[{"href":"https:\/\/diarioregionaldigital.com.br\/index.php?rest_route=\/wp\/v2\/posts\/188086","targetHints":{"allow":["GET"]}}],"collection":[{"href":"https:\/\/diarioregionaldigital.com.br\/index.php?rest_route=\/wp\/v2\/posts"}],"about":[{"href":"https:\/\/diarioregionaldigital.com.br\/index.php?rest_route=\/wp\/v2\/types\/post"}],"author":[{"embeddable":true,"href":"https:\/\/diarioregionaldigital.com.br\/index.php?rest_route=\/wp\/v2\/users\/246"}],"replies":[{"embeddable":true,"href":"https:\/\/diarioregionaldigital.com.br\/index.php?rest_route=%2Fwp%2Fv2%2Fcomments&post=188086"}],"version-history":[{"count":1,"href":"https:\/\/diarioregionaldigital.com.br\/index.php?rest_route=\/wp\/v2\/posts\/188086\/revisions"}],"predecessor-version":[{"id":188088,"href":"https:\/\/diarioregionaldigital.com.br\/index.php?rest_route=\/wp\/v2\/posts\/188086\/revisions\/188088"}],"wp:featuredmedia":[{"embeddable":true,"href":"https:\/\/diarioregionaldigital.com.br\/index.php?rest_route=\/wp\/v2\/media\/188087"}],"wp:attachment":[{"href":"https:\/\/diarioregionaldigital.com.br\/index.php?rest_route=%2Fwp%2Fv2%2Fmedia&parent=188086"}],"wp:term":[{"taxonomy":"category","embeddable":true,"href":"https:\/\/diarioregionaldigital.com.br\/index.php?rest_route=%2Fwp%2Fv2%2Fcategories&post=188086"},{"taxonomy":"post_tag","embeddable":true,"href":"https:\/\/diarioregionaldigital.com.br\/index.php?rest_route=%2Fwp%2Fv2%2Ftags&post=188086"}],"curies":[{"name":"wp","href":"https:\/\/api.w.org\/{rel}","templated":true}]}}