{"id":188083,"date":"2021-09-09T19:59:55","date_gmt":"2021-09-09T22:59:55","guid":{"rendered":"https:\/\/diarioregionaldigital.com.br\/?p=188083"},"modified":"2021-09-09T19:59:55","modified_gmt":"2021-09-09T22:59:55","slug":"surfe-falta-de-boas-ondas-adia-inicio-do-wsl-finals","status":"publish","type":"post","link":"https:\/\/diarioregionaldigital.com.br\/?p=188083","title":{"rendered":"Surfe: falta de boas ondas adia in\u00edcio do WSL Finals"},"content":{"rendered":"<p>A Liga Mundial de Surfe (WSL, na sigla em ingl\u00eas) anunciou que n\u00e3o haver\u00e1 disputas no primeiro dia da janela de competi\u00e7\u00f5es (que vai at\u00e9 o dia 17) do WSL Finals, etapa realizada em San Clemente, Calif\u00f3rnia (EUA), e que definir\u00e1 o grande campe\u00e3o do Circuito Mundial de Surfe.<img decoding=\"async\" src=\"https:\/\/agenciabrasil.ebc.com.br\/ebc.png?id=1421188&amp;o=node\" \/><img decoding=\"async\" src=\"https:\/\/agenciabrasil.ebc.com.br\/ebc.gif?id=1421188&amp;o=node\" \/><\/p>\n<p>A justificativa para o adiamento do in\u00edcio das disputas \u00e9 a expectativa de que comece uma grande ondula\u00e7\u00e3o na regi\u00e3o nos pr\u00f3ximos dias, o que beneficiar\u00e1 muito a din\u00e2mica do evento, que deve transcorrer em apenas um dia.<\/p>\n<p>\u201cOlhando para a previs\u00e3o, definitivamente teremos ondas realmente boas para este evento\u201d, disse a\u00a0vice-presidente s\u00eanior de\u00a0<em>Tours<\/em>\u00a0da WSL, Jessi Miley-Dyer. \u201c\u00c9 t\u00e3o bom estar de volta a Trestles, essa onda \u00e9 incr\u00edvel, \u00e9 uma onda de alto desempenho. Ent\u00e3o, vamos esperar as condi\u00e7\u00f5es perfeitas. H\u00e1 um\u00a0<em>swell<\/em>\u00a0muito bom vindo no domingo, segunda e ter\u00e7a-feira\u201d, declarou a\u00a0dirigente.<\/p>\n<p>O Brasil chega forte \u00e0 competi\u00e7\u00e3o, com Gabriel Medina, \u00cdtalo Ferreira e Filipe Toledo ocupando as posi\u00e7\u00f5es mais altas do\u00a0<em>ranking<\/em>\u00a0masculino da WSL (Liga Mundial de Surfe) e a ga\u00facha Tatiana Weston-Webb sendo a vice-l\u00edder entre as mulheres.<\/p>\n<p><span style=\"font-weight: 400;\"><br \/>\n<\/span><span style=\"font-weight: 400;\">Fonte: Ag\u00eancia Brasil\u00a0<\/span><span style=\"font-weight: 400;\"><br \/>\n<\/span><\/p>\n","protected":false},"excerpt":{"rendered":"<p>A Liga Mundial de Surfe (WSL, na sigla em ingl\u00eas) anunciou que n\u00e3o haver\u00e1 disputas no primeiro dia da janela de competi\u00e7\u00f5es (que vai at\u00e9 o dia 17) do WSL Finals, etapa realizada em San Clemente, Calif\u00f3rnia (EUA), e que definir\u00e1 o grande campe\u00e3o do Circuito Mundial de Surfe. A justificativa para o adiamento do [&hellip;]<\/p>\n","protected":false},"author":246,"featured_media":188084,"comment_status":"closed","ping_status":"closed","sticky":false,"template":"","format":"standard","meta":{"footnotes":""},"categories":[436,257],"tags":[],"class_list":["post-188083","post","type-post","status-publish","format-standard","has-post-thumbnail","hentry","category-destaque-da-semana","category-esporte"],"_links":{"self":[{"href":"https:\/\/diarioregionaldigital.com.br\/index.php?rest_route=\/wp\/v2\/posts\/188083","targetHints":{"allow":["GET"]}}],"collection":[{"href":"https:\/\/diarioregionaldigital.com.br\/index.php?rest_route=\/wp\/v2\/posts"}],"about":[{"href":"https:\/\/diarioregionaldigital.com.br\/index.php?rest_route=\/wp\/v2\/types\/post"}],"author":[{"embeddable":true,"href":"https:\/\/diarioregionaldigital.com.br\/index.php?rest_route=\/wp\/v2\/users\/246"}],"replies":[{"embeddable":true,"href":"https:\/\/diarioregionaldigital.com.br\/index.php?rest_route=%2Fwp%2Fv2%2Fcomments&post=188083"}],"version-history":[{"count":1,"href":"https:\/\/diarioregionaldigital.com.br\/index.php?rest_route=\/wp\/v2\/posts\/188083\/revisions"}],"predecessor-version":[{"id":188085,"href":"https:\/\/diarioregionaldigital.com.br\/index.php?rest_route=\/wp\/v2\/posts\/188083\/revisions\/188085"}],"wp:featuredmedia":[{"embeddable":true,"href":"https:\/\/diarioregionaldigital.com.br\/index.php?rest_route=\/wp\/v2\/media\/188084"}],"wp:attachment":[{"href":"https:\/\/diarioregionaldigital.com.br\/index.php?rest_route=%2Fwp%2Fv2%2Fmedia&parent=188083"}],"wp:term":[{"taxonomy":"category","embeddable":true,"href":"https:\/\/diarioregionaldigital.com.br\/index.php?rest_route=%2Fwp%2Fv2%2Fcategories&post=188083"},{"taxonomy":"post_tag","embeddable":true,"href":"https:\/\/diarioregionaldigital.com.br\/index.php?rest_route=%2Fwp%2Fv2%2Ftags&post=188083"}],"curies":[{"name":"wp","href":"https:\/\/api.w.org\/{rel}","templated":true}]}}