{"id":188080,"date":"2021-09-09T19:57:36","date_gmt":"2021-09-09T22:57:36","guid":{"rendered":"https:\/\/diarioregionaldigital.com.br\/?p=188080"},"modified":"2021-09-09T19:57:36","modified_gmt":"2021-09-09T22:57:36","slug":"us-open-bruno-soares-vai-a-decisao-de-duplas-masculinas-e-mira-o-tri","status":"publish","type":"post","link":"https:\/\/diarioregionaldigital.com.br\/?p=188080","title":{"rendered":"US Open: Bruno Soares vai \u00e0 decis\u00e3o de duplas masculinas e mira o tri"},"content":{"rendered":"<p>O mineiro Bruno Soares est\u00e1 novamente na final de duplas masculinas do US Open. Nesta quinta-feira (9), a parceria do brasileiro, n\u00famero 11 do ranking da Associa\u00e7\u00e3o dos Tenistas Profissionais (ATP), com o brit\u00e2nico Jamie Murray (22\u00ba) derrotou o australiano John Peers (25\u00ba) e o eslovaco Filip Polasek (14\u00ba) por 2 sets 1, com parciais de 6\/3, 3\/6 e 6\/4, em uma hora e 41 minutos de partida, pela semifinal.<img decoding=\"async\" src=\"https:\/\/agenciabrasil.ebc.com.br\/ebc.png?id=1421195&amp;o=node\" \/><img decoding=\"async\" src=\"https:\/\/agenciabrasil.ebc.com.br\/ebc.gif?id=1421195&amp;o=node\" \/><\/p>\n<p>Na decis\u00e3o, Bruno e Murray ter\u00e3o pela frente o norte-americano Rajeev Ram (7\u00ba) e o brit\u00e2nico Joe Salisbury (6\u00ba), que eliminaram Steve Johnson (96\u00ba) e Sam Querrey (166\u00ba), ambos dos Estados Unidos por 2 sets a 0, parciais de 7\/6 (7\/5) e 6\/4. O jogo ser\u00e1 nesta sexta-feira (10), \u00e0s 13h (hor\u00e1rio de Bras\u00edlia). Ram e Salisbury foram campe\u00f5es do Aberto da Austr\u00e1lia do ano passado e vices na edi\u00e7\u00e3o deste ano.<\/p>\n<p>O brasileiro mira o terceiro t\u00edtulo do US Open nas duplas masculinas, sendo o segundo consecutivo. No ano passado, Bruno levou o trof\u00e9u ao lado do croata Mate Pavic, atual n\u00famero um do mundo nas duplas. A conquista anterior, por\u00e9m, foi justamente com Murray, em 2016. No mesmo ano, eles tamb\u00e9m venceram o Aberto da Austr\u00e1lia. Nas duplas mistas, o mineiro tem duas ta\u00e7as: em 2012 (junto da russa Ekaterina Makarova) e em 2014 (com a indiana Sania Mirza).<\/p>\n<p>No primeiro set, Bruno e Murray foram mais eficientes que os rivais na devolu\u00e7\u00e3o dos servi\u00e7os, quebrando duas vezes o saque advers\u00e1rio para fazer 6\/3. Na parcial seguinte, Polasek encaixou as devolu\u00e7\u00f5es e foi decisivo na vit\u00f3ria da parceria Austr\u00e1lia\/Eslov\u00e1quia por 6\/3. No \u00faltimo set, o duelo transcorreu igual at\u00e9 o s\u00e9timo game, quando a dupla Brasil\/Gr\u00e3-Bretanha for\u00e7ou erros de Peers na rede, conseguindo a quebra e administrando a vantagem para fechar em 6\/4.<\/p>\n<p>\u201cPor algumas vezes, ao longo desse m\u00eas parado em casa, pensei em parar esse ano e preparar meu corpo para o ano que vem. Mas pensei: Quer saber? Vamos curtir o momento, preparar como dar. Acho que foi o que eu fiz. Sempre joguei bem aqui, acho que tem a supera\u00e7\u00e3o tamb\u00e9m, ter o Noah [o filho] aqui. Eu n\u00e3o vinha jogando bem, estava sem ritmo nenhum. Sabia que era quest\u00e3o de sobreviv\u00eancia no in\u00edcio. O corpo n\u00e3o estava nas melhores condi\u00e7\u00f5es, mas sabia que teria que ser na supera\u00e7\u00e3o. Desde a terceira rodada, temos jogado um n\u00edvel de t\u00eanis super bom. Estamos muito firmes mentalmente, n\u00e3o deixando abalar. \u00c9 curtir o momento, estamos mais uma final, mas falta um jogo para conquistarmos o caneco\u201d, disse Bruno, ap\u00f3s a partida, \u00e0 imprensa.<\/p>\n<p>O US Open \u00e9 o primeiro torneio que Bruno disputa desde Wimbledon, em junho, quando foi eliminado logo na segunda rodada, ao lado de Murray. O brasileiro disputaria a Olimp\u00edada de T\u00f3quio (Jap\u00e3o), mas teve que passar por uma cirurgia de ap\u00eandice j\u00e1 na capital japonesa e n\u00e3o p\u00f4de ir \u00e0 quadra.<\/p>\n<p><span style=\"font-weight: 400;\">Fonte: Ag\u00eancia Brasil <\/span><\/p>\n","protected":false},"excerpt":{"rendered":"<p>O mineiro Bruno Soares est\u00e1 novamente na final de duplas masculinas do US Open. Nesta quinta-feira (9), a parceria do brasileiro, n\u00famero 11 do ranking da Associa\u00e7\u00e3o dos Tenistas Profissionais (ATP), com o brit\u00e2nico Jamie Murray (22\u00ba) derrotou o australiano John Peers (25\u00ba) e o eslovaco Filip Polasek (14\u00ba) por 2 sets 1, com parciais [&hellip;]<\/p>\n","protected":false},"author":246,"featured_media":188081,"comment_status":"closed","ping_status":"closed","sticky":false,"template":"","format":"standard","meta":{"footnotes":""},"categories":[436,257],"tags":[],"class_list":["post-188080","post","type-post","status-publish","format-standard","has-post-thumbnail","hentry","category-destaque-da-semana","category-esporte"],"_links":{"self":[{"href":"https:\/\/diarioregionaldigital.com.br\/index.php?rest_route=\/wp\/v2\/posts\/188080","targetHints":{"allow":["GET"]}}],"collection":[{"href":"https:\/\/diarioregionaldigital.com.br\/index.php?rest_route=\/wp\/v2\/posts"}],"about":[{"href":"https:\/\/diarioregionaldigital.com.br\/index.php?rest_route=\/wp\/v2\/types\/post"}],"author":[{"embeddable":true,"href":"https:\/\/diarioregionaldigital.com.br\/index.php?rest_route=\/wp\/v2\/users\/246"}],"replies":[{"embeddable":true,"href":"https:\/\/diarioregionaldigital.com.br\/index.php?rest_route=%2Fwp%2Fv2%2Fcomments&post=188080"}],"version-history":[{"count":1,"href":"https:\/\/diarioregionaldigital.com.br\/index.php?rest_route=\/wp\/v2\/posts\/188080\/revisions"}],"predecessor-version":[{"id":188082,"href":"https:\/\/diarioregionaldigital.com.br\/index.php?rest_route=\/wp\/v2\/posts\/188080\/revisions\/188082"}],"wp:featuredmedia":[{"embeddable":true,"href":"https:\/\/diarioregionaldigital.com.br\/index.php?rest_route=\/wp\/v2\/media\/188081"}],"wp:attachment":[{"href":"https:\/\/diarioregionaldigital.com.br\/index.php?rest_route=%2Fwp%2Fv2%2Fmedia&parent=188080"}],"wp:term":[{"taxonomy":"category","embeddable":true,"href":"https:\/\/diarioregionaldigital.com.br\/index.php?rest_route=%2Fwp%2Fv2%2Fcategories&post=188080"},{"taxonomy":"post_tag","embeddable":true,"href":"https:\/\/diarioregionaldigital.com.br\/index.php?rest_route=%2Fwp%2Fv2%2Ftags&post=188080"}],"curies":[{"name":"wp","href":"https:\/\/api.w.org\/{rel}","templated":true}]}}