{"id":188077,"date":"2021-09-09T19:53:30","date_gmt":"2021-09-09T22:53:30","guid":{"rendered":"https:\/\/diarioregionaldigital.com.br\/?p=188077"},"modified":"2021-09-09T19:53:30","modified_gmt":"2021-09-09T22:53:30","slug":"alison-dos-santos-e-prata-na-etapa-de-zurique-da-diamond-league","status":"publish","type":"post","link":"https:\/\/diarioregionaldigital.com.br\/?p=188077","title":{"rendered":"Alison dos Santos \u00e9 prata na etapa de Zurique da Diamond League"},"content":{"rendered":"<p>Alison dos Santos continua brilhando na prova dos 400 metros (m) com barreiras. Ap\u00f3s a conquista da medalha de bronze na Olimp\u00edada de T\u00f3quio (Jap\u00e3o), o brasileiro garantiu nesta quarta-feira (9) a prata na etapa de Zurique (Su\u00ed\u00e7a) da Diamond League, o principal circuito de competi\u00e7\u00f5es do atletismo mundial.<img decoding=\"async\" src=\"https:\/\/agenciabrasil.ebc.com.br\/ebc.png?id=1421204&amp;o=node\" \/><img decoding=\"async\" src=\"https:\/\/agenciabrasil.ebc.com.br\/ebc.gif?id=1421204&amp;o=node\" \/><\/p>\n<p>Na \u00faltima etapa da temporada da Diamond League, o atleta, que tamb\u00e9m \u00e9 conhecido como Piu, alcan\u00e7ou o feito ap\u00f3s completar a prova em 47s81. O ouro ficou com o atual campe\u00e3o ol\u00edmpico Karsten Warholm. O noruegu\u00eas fez 47s35 para ficar em primeiro. O bronze ficou com Kyron McMaster, das Ilhas Virgens Brit\u00e2nicas, com o tempo de 48s24.<\/p>\n<p>Em T\u00f3quio, o paulista de 21 anos garantiu a primeira medalha do atletismo do Brasil. Na prova, ele cravou o tempo incr\u00edvel de 46s72, quebrando o recorde sul-americano e baixando pela primeira vez a marca de 47 segundos.<\/p>\n<p>O ouro ficou com Karsten Warholm, que quebrou o recorde mundial fechando a prova, pela primeira na hist\u00f3ria, em menos de 46 segundos (45s94). O norte-americano Rai Benjamin ficou com a prata com a marca de 46s17.<\/p>\n<p><span style=\"font-weight: 400;\">Fonte: Ag\u00eancia Brasil <\/span><\/p>\n","protected":false},"excerpt":{"rendered":"<p>Alison dos Santos continua brilhando na prova dos 400 metros (m) com barreiras. Ap\u00f3s a conquista da medalha de bronze na Olimp\u00edada de T\u00f3quio (Jap\u00e3o), o brasileiro garantiu nesta quarta-feira (9) a prata na etapa de Zurique (Su\u00ed\u00e7a) da Diamond League, o principal circuito de competi\u00e7\u00f5es do atletismo mundial. Na \u00faltima etapa da temporada da [&hellip;]<\/p>\n","protected":false},"author":246,"featured_media":188078,"comment_status":"closed","ping_status":"closed","sticky":false,"template":"","format":"standard","meta":{"footnotes":""},"categories":[436,440,257],"tags":[],"class_list":["post-188077","post","type-post","status-publish","format-standard","has-post-thumbnail","hentry","category-destaque-da-semana","category-destaques-do-dia","category-esporte"],"_links":{"self":[{"href":"https:\/\/diarioregionaldigital.com.br\/index.php?rest_route=\/wp\/v2\/posts\/188077","targetHints":{"allow":["GET"]}}],"collection":[{"href":"https:\/\/diarioregionaldigital.com.br\/index.php?rest_route=\/wp\/v2\/posts"}],"about":[{"href":"https:\/\/diarioregionaldigital.com.br\/index.php?rest_route=\/wp\/v2\/types\/post"}],"author":[{"embeddable":true,"href":"https:\/\/diarioregionaldigital.com.br\/index.php?rest_route=\/wp\/v2\/users\/246"}],"replies":[{"embeddable":true,"href":"https:\/\/diarioregionaldigital.com.br\/index.php?rest_route=%2Fwp%2Fv2%2Fcomments&post=188077"}],"version-history":[{"count":1,"href":"https:\/\/diarioregionaldigital.com.br\/index.php?rest_route=\/wp\/v2\/posts\/188077\/revisions"}],"predecessor-version":[{"id":188079,"href":"https:\/\/diarioregionaldigital.com.br\/index.php?rest_route=\/wp\/v2\/posts\/188077\/revisions\/188079"}],"wp:featuredmedia":[{"embeddable":true,"href":"https:\/\/diarioregionaldigital.com.br\/index.php?rest_route=\/wp\/v2\/media\/188078"}],"wp:attachment":[{"href":"https:\/\/diarioregionaldigital.com.br\/index.php?rest_route=%2Fwp%2Fv2%2Fmedia&parent=188077"}],"wp:term":[{"taxonomy":"category","embeddable":true,"href":"https:\/\/diarioregionaldigital.com.br\/index.php?rest_route=%2Fwp%2Fv2%2Fcategories&post=188077"},{"taxonomy":"post_tag","embeddable":true,"href":"https:\/\/diarioregionaldigital.com.br\/index.php?rest_route=%2Fwp%2Fv2%2Ftags&post=188077"}],"curies":[{"name":"wp","href":"https:\/\/api.w.org\/{rel}","templated":true}]}}