{"id":188074,"date":"2021-09-09T19:48:29","date_gmt":"2021-09-09T22:48:29","guid":{"rendered":"https:\/\/diarioregionaldigital.com.br\/?p=188074"},"modified":"2021-09-09T19:48:29","modified_gmt":"2021-09-09T22:48:29","slug":"presidente-do-senado-poderes-precisam-achar-solucao-para-crise-real","status":"publish","type":"post","link":"https:\/\/diarioregionaldigital.com.br\/?p=188074","title":{"rendered":"Presidente do Senado: Poderes precisam achar solu\u00e7\u00e3o para &#8220;crise real&#8221;"},"content":{"rendered":"<p>O presidente do Senado, Rodrigo Pacheco (DEM-MG), fez um pronunciamento, hoje (8), no qual pediu respeito entre os Poderes Executivo, Legislativo e Judici\u00e1rio. Pacheco afirmou que os Poderes precisam \u201csentar \u00e0 mesa\u201d e encontrar solu\u00e7\u00f5es para os problemas do pa\u00eds: a fome, a infla\u00e7\u00e3o, o desemprego e a pandemia de covid-19.<img decoding=\"async\" src=\"https:\/\/agenciabrasil.ebc.com.br\/ebc.png?id=1421107&amp;o=node\" \/><img decoding=\"async\" src=\"https:\/\/agenciabrasil.ebc.com.br\/ebc.gif?id=1421107&amp;o=node\" \/><\/p>\n<p>&#8220;\u00c9 uma crise real que n\u00f3s vivemos e temos que dar solu\u00e7\u00e3o a ela. Essa solu\u00e7\u00e3o n\u00e3o est\u00e1 no autoritarismo, nos arroubos antidemocr\u00e1ticos, n\u00e3o est\u00e1 em questionar a democracia. Essa solu\u00e7\u00e3o est\u00e1 na maturidade pol\u00edtica dos Poderes constitu\u00eddos de se entenderem, de buscarem as converg\u00eancias para aquilo que verdadeiramente interessa para os brasileiros&#8221;, disse.<\/p>\n<p>A fala do presidente do Senado e do Congresso Nacional foi uma resposta aos acontecimentos de ontem, em manifesta\u00e7\u00f5es pr\u00f3-governo. Na ocasi\u00e3o, o presidente Jair Bolsonaro discursou para seus apoiadores e fez cr\u00edticas ao Supremo Tribunal Federal (STF), onde \u00e9 alvo de quatro investiga\u00e7\u00f5es. Bolsonaro disse que n\u00e3o aceitar\u00e1 mais as decis\u00f5es proferidas pelo ministro do STF Alexandre de Moraes, criticou o Tribunal Superior Eleitoral (TSE) e defendeu o voto impresso, com contagem p\u00fablica.<\/p>\n<p>Ap\u00f3s os atos de ontem e da fala de Bolsonaro, Pacheco decidiu cancelar as sess\u00f5es deliberativas de Senado marcadas para hoje e amanh\u00e3 (9), bem como as reuni\u00f5es das comiss\u00f5es. Apenas a Comiss\u00e3o Tempor\u00e1ria da Covid-19 funcionou nesta quarta-feira.<\/p>\n<p><span style=\"font-weight: 400;\">Fonte: Ag\u00eancia Brasil <\/span><\/p>\n","protected":false},"excerpt":{"rendered":"<p>O presidente do Senado, Rodrigo Pacheco (DEM-MG), fez um pronunciamento, hoje (8), no qual pediu respeito entre os Poderes Executivo, Legislativo e Judici\u00e1rio. Pacheco afirmou que os Poderes precisam \u201csentar \u00e0 mesa\u201d e encontrar solu\u00e7\u00f5es para os problemas do pa\u00eds: a fome, a infla\u00e7\u00e3o, o desemprego e a pandemia de covid-19. &#8220;\u00c9 uma crise real [&hellip;]<\/p>\n","protected":false},"author":246,"featured_media":188075,"comment_status":"closed","ping_status":"closed","sticky":false,"template":"","format":"standard","meta":{"footnotes":""},"categories":[436,254],"tags":[],"class_list":["post-188074","post","type-post","status-publish","format-standard","has-post-thumbnail","hentry","category-destaque-da-semana","category-politica"],"_links":{"self":[{"href":"https:\/\/diarioregionaldigital.com.br\/index.php?rest_route=\/wp\/v2\/posts\/188074","targetHints":{"allow":["GET"]}}],"collection":[{"href":"https:\/\/diarioregionaldigital.com.br\/index.php?rest_route=\/wp\/v2\/posts"}],"about":[{"href":"https:\/\/diarioregionaldigital.com.br\/index.php?rest_route=\/wp\/v2\/types\/post"}],"author":[{"embeddable":true,"href":"https:\/\/diarioregionaldigital.com.br\/index.php?rest_route=\/wp\/v2\/users\/246"}],"replies":[{"embeddable":true,"href":"https:\/\/diarioregionaldigital.com.br\/index.php?rest_route=%2Fwp%2Fv2%2Fcomments&post=188074"}],"version-history":[{"count":1,"href":"https:\/\/diarioregionaldigital.com.br\/index.php?rest_route=\/wp\/v2\/posts\/188074\/revisions"}],"predecessor-version":[{"id":188076,"href":"https:\/\/diarioregionaldigital.com.br\/index.php?rest_route=\/wp\/v2\/posts\/188074\/revisions\/188076"}],"wp:featuredmedia":[{"embeddable":true,"href":"https:\/\/diarioregionaldigital.com.br\/index.php?rest_route=\/wp\/v2\/media\/188075"}],"wp:attachment":[{"href":"https:\/\/diarioregionaldigital.com.br\/index.php?rest_route=%2Fwp%2Fv2%2Fmedia&parent=188074"}],"wp:term":[{"taxonomy":"category","embeddable":true,"href":"https:\/\/diarioregionaldigital.com.br\/index.php?rest_route=%2Fwp%2Fv2%2Fcategories&post=188074"},{"taxonomy":"post_tag","embeddable":true,"href":"https:\/\/diarioregionaldigital.com.br\/index.php?rest_route=%2Fwp%2Fv2%2Ftags&post=188074"}],"curies":[{"name":"wp","href":"https:\/\/api.w.org\/{rel}","templated":true}]}}