{"id":188070,"date":"2021-09-09T19:47:16","date_gmt":"2021-09-09T22:47:16","guid":{"rendered":"https:\/\/diarioregionaldigital.com.br\/?p=188070"},"modified":"2021-09-09T19:47:16","modified_gmt":"2021-09-09T22:47:16","slug":"presidente-diz-que-nao-teve-intencao-de-agredir-outros-poderes","status":"publish","type":"post","link":"https:\/\/diarioregionaldigital.com.br\/?p=188070","title":{"rendered":"Presidente diz que n\u00e3o teve inten\u00e7\u00e3o de agredir outros Poderes"},"content":{"rendered":"<p>O presidente Jair Bolsonaro emitiu nota oficial nesta quinta-feira (9) em que afirma n\u00e3o ter tido a inten\u00e7\u00e3o de agredir outros Poderes da Rep\u00fablica e destacou que respeita a harmonia entre as institui\u00e7\u00f5es.<img decoding=\"async\" src=\"https:\/\/agenciabrasil.ebc.com.br\/ebc.png?id=1421197&amp;o=node\" \/><img decoding=\"async\" src=\"https:\/\/agenciabrasil.ebc.com.br\/ebc.gif?id=1421197&amp;o=node\" \/><\/p>\n<p>A\u00a0<a href=\"https:\/\/www.gov.br\/planalto\/pt-br\/acompanhe-o-planalto\/notas-oficiais\/2021\/nota-oficial-presidente-jair-bolsonaro-09-09-2021\">nota oficial<\/a>, divulgada na p\u00e1gina do Pal\u00e1cio do Planalto na internet, ocorre dois depois das manifesta\u00e7\u00f5es pr\u00f3-governo do dia 7 se setembro, que contou com a participa\u00e7\u00e3o do presidente.<\/p>\n<p>Na ocasi\u00e3o, tanto em Bras\u00edlia quanto em S\u00e3o Paulo,\u00a0<a href=\"https:\/\/agenciabrasil.ebc.com.br\/geral\/noticia\/2021-09\/presidente-discursa-em-manifestacao-de-apoiadores-em-sp\">Bolsonaro fez cr\u00edticas<\/a>\u00a0a ministros do Supremo Tribunal Federal (STF) e ao sistema de urnas eletr\u00f4nicas. Como rea\u00e7\u00e3o, o\u00a0<a href=\"https:\/\/agenciabrasil.ebc.com.br\/politica\/noticia\/2021-09\/presidente-do-stf-corte-nao-aceitara-ameacas-a-sua-independencia\">presidente do STF, Luiz Fux<\/a>, e\u00a0<a href=\"https:\/\/agenciabrasil.ebc.com.br\/geral\/noticia\/2021-09\/presidente-do-tse-defende-sistema-eleitoral-e-rebate-bolsonaro\">o ministro Luis Roberto Barroso<\/a>, presidente do Tribunal Superior Eleitoral (TSE), rebateram Bolsonaro.<\/p>\n<p>&#8220;No instante em que o pa\u00eds se encontra dividido entre institui\u00e7\u00f5es \u00e9 meu dever, como presidente da Rep\u00fablica, vir a p\u00fablico para dizer: Nunca tive nenhuma inten\u00e7\u00e3o de agredir quaisquer dos Poderes. A harmonia entre eles n\u00e3o \u00e9 vontade minha, mas determina\u00e7\u00e3o constitucional que todos, sem exce\u00e7\u00e3o, devem respeitar&#8221;, escreveu o presidente.<\/p>\n<p>Na nota, Bolsonaro elencou dez pontos. Em um deles, o presidente diz que as diverg\u00eancias se deram por causa de conflitos de entendimento sobre decis\u00f5es do ministro Alexandre de Moraes, do STF, e falou que nenhuma autoridade tem o direito de &#8220;esticar a corda&#8221;. Ele escreveu ainda que suas palavras, &#8220;por vezes contundentes&#8221;, s\u00e3o resultado do &#8220;calor do momento&#8221;.<\/p>\n<p>&#8220;Sei que boa parte dessas diverg\u00eancias decorrem de conflitos de entendimento acerca das decis\u00f5es adotadas pelo ministro Alexandre de Moraes no \u00e2mbito do inqu\u00e9rito das\u00a0<em>fake news<\/em>. Mas na vida p\u00fablica, as pessoas que exercem o poder n\u00e3o t\u00eam o direito de \u2018esticar a corda\u2019, a ponto de prejudicar a vida dos brasileiros e sua economia. Por isso quero declarar que minhas palavras, por vezes contundentes, decorreram do calor do momento e dos embates que sempre visaram o bem comum&#8221;.<\/p>\n<p>Ainda sobre o ministro Alexandre de Moraes, Bolsonaro afirmou que as diverg\u00eancias s\u00e3o naturais e que vai buscar resolv\u00ea-las por medidas judiciais para assegurar a observ\u00e2ncia dos direitos e garantias fundamentais da Constitui\u00e7\u00e3o Federal.<\/p>\n<p>Por fim, Bolsonaro afirmou que respeita as institui\u00e7\u00f5es da Rep\u00fablica, defendeu o regime democr\u00e1tico e disse que est\u00e1 disposto a manter o di\u00e1logo.<\/p>\n<p>&#8220;Reitero meu respeito pelas institui\u00e7\u00f5es da Rep\u00fablica, for\u00e7as motoras que ajudam a governar o pa\u00eds. Democracia \u00e9 isso: Executivo, Legislativo e Judici\u00e1rio trabalhando juntos em favor do povo e todos respeitando a Constitui\u00e7\u00e3o. Sempre estive disposto a manter di\u00e1logo permanente com os demais Poderes pela manuten\u00e7\u00e3o da harmonia e independ\u00eancia entre eles. Finalmente, quero registrar e agradecer o extraordin\u00e1rio apoio do povo brasileiro, com quem alinho meus princ\u00edpios e valores, e conduzo os destinos do nosso Brasil&#8221;.<\/p>\n<p><strong>Confira a \u00edntegra da Declara\u00e7\u00e3o \u00e0 Na\u00e7\u00e3o, emitida por Jair Bolsonaro:<\/strong><\/p>\n<p><em>Declara\u00e7\u00e3o \u00e0 Na\u00e7\u00e3o<\/em><\/p>\n<p><em>No instante em que o pa\u00eds se encontra dividido entre institui\u00e7\u00f5es \u00e9 meu dever, como Presidente da Rep\u00fablica, vir a p\u00fablico para dizer:<\/em><\/p>\n<p><em>1. Nunca tive nenhuma inten\u00e7\u00e3o de agredir quaisquer dos Poderes. A harmonia entre eles n\u00e3o \u00e9 vontade minha, mas determina\u00e7\u00e3o constitucional que todos, sem exce\u00e7\u00e3o, devem respeitar.<\/em><\/p>\n<p><em>2. Sei que boa parte dessas diverg\u00eancias decorrem de conflitos de entendimento acerca das decis\u00f5es adotadas pelo Ministro Alexandre de Moraes no \u00e2mbito do inqu\u00e9rito das fake news.<\/em><\/p>\n<p><em>3. Mas na vida p\u00fablica as pessoas que exercem o poder, n\u00e3o t\u00eam o direito de \u201cesticar a corda\u201d, a ponto de prejudicar a vida dos brasileiros e sua economia.<\/em><\/p>\n<p><em>4. Por isso quero declarar que minhas palavras, por vezes contundentes, decorreram do calor do momento e dos embates que sempre visaram o bem comum.<\/em><\/p>\n<p><em>5. Em que pesem suas qualidades como jurista e professor, existem naturais diverg\u00eancias em algumas decis\u00f5es do Ministro Alexandre de Moraes.<\/em><\/p>\n<p><em>6. Sendo assim, essas quest\u00f5es devem ser resolvidas por medidas judiciais que ser\u00e3o tomadas de forma a assegurar a observ\u00e2ncia dos direitos e garantias fundamentais previsto no Art 5\u00ba da Constitui\u00e7\u00e3o Federal.<\/em><\/p>\n<p><em>7. Reitero meu respeito pelas institui\u00e7\u00f5es da Rep\u00fablica, for\u00e7as motoras que ajudam a governar o pa\u00eds.<\/em><\/p>\n<p><em>8. Democracia \u00e9 isso: Executivo, Legislativo e Judici\u00e1rio trabalhando juntos em favor do povo e todos respeitando a Constitui\u00e7\u00e3o.<\/em><\/p>\n<p><em>9. Sempre estive disposto a manter di\u00e1logo permanente com os demais Poderes pela manuten\u00e7\u00e3o da harmonia e independ\u00eancia entre eles.<\/em><\/p>\n<p><em>10. Finalmente, quero registrar e agradecer o extraordin\u00e1rio apoio do povo brasileiro, com quem alinho meus princ\u00edpios e valores, e conduzo os destinos do nosso Brasil.<\/em><\/p>\n<p><em>DEUS, P\u00c1TRIA, FAM\u00cdLIA<\/em><\/p>\n<p><em>Jair Bolsonaro<\/em><\/p>\n<p><em>Presidente da Rep\u00fablica Federativa do Brasil<\/p>\n<p><\/em><strong><br \/>\n<\/strong>Fonte: Ag\u00eancia Brasil <em><br \/>\n<\/em><\/p>\n","protected":false},"excerpt":{"rendered":"<p>O presidente Jair Bolsonaro emitiu nota oficial nesta quinta-feira (9) em que afirma n\u00e3o ter tido a inten\u00e7\u00e3o de agredir outros Poderes da Rep\u00fablica e destacou que respeita a harmonia entre as institui\u00e7\u00f5es. A\u00a0nota oficial, divulgada na p\u00e1gina do Pal\u00e1cio do Planalto na internet, ocorre dois depois das manifesta\u00e7\u00f5es pr\u00f3-governo do dia 7 se setembro, [&hellip;]<\/p>\n","protected":false},"author":246,"featured_media":188071,"comment_status":"closed","ping_status":"closed","sticky":false,"template":"","format":"standard","meta":{"footnotes":""},"categories":[436,254],"tags":[],"class_list":["post-188070","post","type-post","status-publish","format-standard","has-post-thumbnail","hentry","category-destaque-da-semana","category-politica"],"_links":{"self":[{"href":"https:\/\/diarioregionaldigital.com.br\/index.php?rest_route=\/wp\/v2\/posts\/188070","targetHints":{"allow":["GET"]}}],"collection":[{"href":"https:\/\/diarioregionaldigital.com.br\/index.php?rest_route=\/wp\/v2\/posts"}],"about":[{"href":"https:\/\/diarioregionaldigital.com.br\/index.php?rest_route=\/wp\/v2\/types\/post"}],"author":[{"embeddable":true,"href":"https:\/\/diarioregionaldigital.com.br\/index.php?rest_route=\/wp\/v2\/users\/246"}],"replies":[{"embeddable":true,"href":"https:\/\/diarioregionaldigital.com.br\/index.php?rest_route=%2Fwp%2Fv2%2Fcomments&post=188070"}],"version-history":[{"count":2,"href":"https:\/\/diarioregionaldigital.com.br\/index.php?rest_route=\/wp\/v2\/posts\/188070\/revisions"}],"predecessor-version":[{"id":188073,"href":"https:\/\/diarioregionaldigital.com.br\/index.php?rest_route=\/wp\/v2\/posts\/188070\/revisions\/188073"}],"wp:featuredmedia":[{"embeddable":true,"href":"https:\/\/diarioregionaldigital.com.br\/index.php?rest_route=\/wp\/v2\/media\/188071"}],"wp:attachment":[{"href":"https:\/\/diarioregionaldigital.com.br\/index.php?rest_route=%2Fwp%2Fv2%2Fmedia&parent=188070"}],"wp:term":[{"taxonomy":"category","embeddable":true,"href":"https:\/\/diarioregionaldigital.com.br\/index.php?rest_route=%2Fwp%2Fv2%2Fcategories&post=188070"},{"taxonomy":"post_tag","embeddable":true,"href":"https:\/\/diarioregionaldigital.com.br\/index.php?rest_route=%2Fwp%2Fv2%2Ftags&post=188070"}],"curies":[{"name":"wp","href":"https:\/\/api.w.org\/{rel}","templated":true}]}}