{"id":188067,"date":"2021-09-09T19:45:28","date_gmt":"2021-09-09T22:45:28","guid":{"rendered":"https:\/\/diarioregionaldigital.com.br\/?p=188067"},"modified":"2021-09-09T19:45:28","modified_gmt":"2021-09-09T22:45:28","slug":"camara-aprova-novas-regras-para-distribuicao-de-sobras-eleitorais","status":"publish","type":"post","link":"https:\/\/diarioregionaldigital.com.br\/?p=188067","title":{"rendered":"C\u00e2mara aprova novas regras para distribui\u00e7\u00e3o de \u201csobras\u201d eleitorais"},"content":{"rendered":"<p>A C\u00e2mara dos Deputados aprovou nesta\u00a0<span id=\"OBJ_PREFIX_DWT303_com_zimbra_date\" role=\"link\">quinta<\/span>-feira (9), por 399 votos a 34, o projeto de lei que modifica as regras de distribui\u00e7\u00e3o das chamadas &#8220;sobras eleitorais&#8221; em elei\u00e7\u00f5es proporcionais. Oriundo do Senado, o texto retorna para an\u00e1lise dos senadores j\u00e1 que foi modificado pelos deputados.<\/p>\n<p>As regras\u00a0<span id=\"OBJ_PREFIX_DWT304_com_zimbra_date\" role=\"link\">ter<\/span>\u00e3o validade nas elei\u00e7\u00f5es para vereadores e deputados e disp\u00f5em sobre as vagas n\u00e3o preenchidas ap\u00f3s a aplica\u00e7\u00e3o do quociente eleitoral que define a distribui\u00e7\u00e3o das cadeiras. Esse quociente \u00e9 um c\u00e1lculo com a divis\u00e3o do total de votos v\u00e1lidos pelo n\u00famero de cadeiras.<\/p>\n<p>Atualmente, todos os partidos podem disputar as sobras eleitorais. Com a nova regra, poder\u00e3o concorrer \u00e0 distribui\u00e7\u00e3o das sobras de vagas apenas os candidatos que tiverem obtido votos m\u00ednimos equivalentes a 20% do quociente eleitoral e os partidos que obtiverem um m\u00ednimo de 80% desse quociente.<\/p>\n<p>O texto prev\u00ea ainda que, se nenhum partido alcan\u00e7ar o quociente citado, ser\u00e3o considerados eleitos os mais votados na ordem de vota\u00e7\u00e3o.<\/p>\n<p>O projeto tamb\u00e9m modifica a quantidade de candidatos que cada partido pode registrar para tais cargos proporcionais. Pela regra atual, cada partido pode registrar at\u00e9 150% do n\u00famero de vagas a preencher. Esse n\u00famero passa para 100% das vagas mais 1. Ou seja, se houver 70 vagas para deputado federal, caso de S\u00e3o Paulo, um partido pode lan\u00e7ar 71 candidatos.<\/p>\n<p>A proposta veda a possibilidade de o Tribunal Superior Eleitoral (TSE) tratar de assuntos referentes \u00e0 organiza\u00e7\u00e3o dos partidos, restringindo a compet\u00eancia da Corte \u00e0 mat\u00e9rias especificamente autorizadas em lei.<img decoding=\"async\" src=\"https:\/\/agenciabrasil.ebc.com.br\/ebc.png?id=1421198&amp;o=node\" \/><img decoding=\"async\" src=\"https:\/\/agenciabrasil.ebc.com.br\/ebc.gif?id=1421198&amp;o=node\" \/><\/p>\n<p><span style=\"font-weight: 400;\">Fonte: Ag\u00eancia Brasil <\/span><\/p>\n","protected":false},"excerpt":{"rendered":"<p>A C\u00e2mara dos Deputados aprovou nesta\u00a0quinta-feira (9), por 399 votos a 34, o projeto de lei que modifica as regras de distribui\u00e7\u00e3o das chamadas &#8220;sobras eleitorais&#8221; em elei\u00e7\u00f5es proporcionais. Oriundo do Senado, o texto retorna para an\u00e1lise dos senadores j\u00e1 que foi modificado pelos deputados. As regras\u00a0ter\u00e3o validade nas elei\u00e7\u00f5es para vereadores e deputados e [&hellip;]<\/p>\n","protected":false},"author":246,"featured_media":188068,"comment_status":"closed","ping_status":"closed","sticky":false,"template":"","format":"standard","meta":{"footnotes":""},"categories":[436,254],"tags":[],"class_list":["post-188067","post","type-post","status-publish","format-standard","has-post-thumbnail","hentry","category-destaque-da-semana","category-politica"],"_links":{"self":[{"href":"https:\/\/diarioregionaldigital.com.br\/index.php?rest_route=\/wp\/v2\/posts\/188067","targetHints":{"allow":["GET"]}}],"collection":[{"href":"https:\/\/diarioregionaldigital.com.br\/index.php?rest_route=\/wp\/v2\/posts"}],"about":[{"href":"https:\/\/diarioregionaldigital.com.br\/index.php?rest_route=\/wp\/v2\/types\/post"}],"author":[{"embeddable":true,"href":"https:\/\/diarioregionaldigital.com.br\/index.php?rest_route=\/wp\/v2\/users\/246"}],"replies":[{"embeddable":true,"href":"https:\/\/diarioregionaldigital.com.br\/index.php?rest_route=%2Fwp%2Fv2%2Fcomments&post=188067"}],"version-history":[{"count":1,"href":"https:\/\/diarioregionaldigital.com.br\/index.php?rest_route=\/wp\/v2\/posts\/188067\/revisions"}],"predecessor-version":[{"id":188069,"href":"https:\/\/diarioregionaldigital.com.br\/index.php?rest_route=\/wp\/v2\/posts\/188067\/revisions\/188069"}],"wp:featuredmedia":[{"embeddable":true,"href":"https:\/\/diarioregionaldigital.com.br\/index.php?rest_route=\/wp\/v2\/media\/188068"}],"wp:attachment":[{"href":"https:\/\/diarioregionaldigital.com.br\/index.php?rest_route=%2Fwp%2Fv2%2Fmedia&parent=188067"}],"wp:term":[{"taxonomy":"category","embeddable":true,"href":"https:\/\/diarioregionaldigital.com.br\/index.php?rest_route=%2Fwp%2Fv2%2Fcategories&post=188067"},{"taxonomy":"post_tag","embeddable":true,"href":"https:\/\/diarioregionaldigital.com.br\/index.php?rest_route=%2Fwp%2Fv2%2Ftags&post=188067"}],"curies":[{"name":"wp","href":"https:\/\/api.w.org\/{rel}","templated":true}]}}