{"id":188064,"date":"2021-09-09T19:42:19","date_gmt":"2021-09-09T22:42:19","guid":{"rendered":"https:\/\/diarioregionaldigital.com.br\/?p=188064"},"modified":"2021-09-09T19:42:19","modified_gmt":"2021-09-09T22:42:19","slug":"romeu-zema-anuncia-obras-de-recuperacao-da-br-367-no-vale-do-jequitinhonha","status":"publish","type":"post","link":"https:\/\/diarioregionaldigital.com.br\/?p=188064","title":{"rendered":"Romeu Zema anuncia obras de recupera\u00e7\u00e3o da BR-367, no Vale do Jequitinhonha"},"content":{"rendered":"<p>O governador Romeu Zema anunciou, nesta quinta-feira (9\/9), em Capelinha, no Vale do Jequitinhonha, obras de recupera\u00e7\u00e3o funcional da BR-367 e em outros trechos rodovi\u00e1rios na regi\u00e3o. As interven\u00e7\u00f5es, aguardadas h\u00e1 muito tempo pela popula\u00e7\u00e3o, v\u00e3o melhorar a mobilidade do tr\u00e1fego entre Minas Gerais e outros estados, favorecendo o desenvolvimento da regi\u00e3o do Jequitinhonha. Ao todo, ser\u00e3o investidos R$ 61,9 milh\u00f5es nas obras, com previs\u00e3o de gera\u00e7\u00e3o de mais de mil empregos diretos e indiretos.<\/p>\n<p>As obras ser\u00e3o realizadas em cinco trechos da BR-367 e outras rodovias da regi\u00e3o, contemplando mais de 180 quil\u00f4metros que est\u00e3o sob a responsabilidade do\u00a0<a href=\"http:\/\/www.mg.gov.br\/\" target=\"_blank\" rel=\"noopener\">Governo de Minas<\/a>, via\u00a0<a href=\"http:\/\/www.der.mg.gov.br\/\" target=\"_blank\" rel=\"noopener\">Departamento de Edifica\u00e7\u00f5es e Estradas de Rodagem (DER-MG)<\/a>. Os recursos aplicados s\u00e3o fruto do Termo de Repara\u00e7\u00e3o com a empresa Vale, pelo rompimento da barragem em Brumadinho, em janeiro de 2019.<\/p>\n<p>Zema destacou a import\u00e2ncia do trabalho que tem feito \u00e0 frente do governo mineiro para conseguir retomar diversas obras paralisadas e reduzir, segundo ele, o \u201ccemit\u00e9rio de obras\u201d que Minas Gerais se tornou.<\/p>\n<p>\u201cEstamos em um momento especial que \u00e9 o in\u00edcio das obras de recupera\u00e7\u00e3o da BR-367, cujo estado de manuten\u00e7\u00e3o est\u00e1 sofr\u00edvel h\u00e1 alguns anos. Sempre recebo v\u00eddeos, fotos e reclama\u00e7\u00f5es a respeito da manuten\u00e7\u00e3o dessa via. \u00c9 um desrespeito com a regi\u00e3o uma estrada nessa situa\u00e7\u00e3o. Mas estamos reduzindo o cemit\u00e9rio de obras pelo Estado. E vamos recuperar mais de 180 quil\u00f4metros desta estrada, que \u00e9 a parte que cabe ao estado de Minas. Trata-se de uma obra or\u00e7ada em mais de R$ 60 milh\u00f5es\u201d afirmou o governador, lembrando que solicitou ao governo federal, por meio do Departamento Nacional de Infraestrutura de Transportes (Dnit), agilidade na recupera\u00e7\u00e3o do trecho sob responsabilidade da Uni\u00e3o.<\/p>\n<p><main class=\"clear margin-md-bottom-3\"><\/p>\n<div class=\"clear \">\n<p><strong>Empregos<\/strong><\/p>\n<p>O secret\u00e1rio de\u00a0<a href=\"http:\/\/www.infraestrutura.mg.gov.br\/\" target=\"_blank\" rel=\"noopener\">Infraestrutura e Mobilidade<\/a>, Fernando Marcato, destacou que, al\u00e9m do investimento para a recupera\u00e7\u00e3o de uma importante rodovia da regi\u00e3o, as obras devem gerar cerca de 250 empregos diretos e outros cerca de 900 indiretos, impulsionando a economia local.<\/p>\n<p>\u201cA BR-367 \u00e9 a rodovia mais demandada e que traz mais transtorno para a popula\u00e7\u00e3o. Ficamos felizes em iniciar este projeto que \u00e9 a recupera\u00e7\u00e3o integral do trecho que est\u00e1 sob jurisdi\u00e7\u00e3o estadual. Teremos condi\u00e7\u00f5es, em cinco lotes, de resolver esta situa\u00e7\u00e3o, colocando uma nova camada de asfalto em toda a extens\u00e3o, melhorando as sarjetas, a drenagem e dando uma rodovia e uma infraestrutura que o Vale do Jequitinhonha merece e precisa. Al\u00e9m da melhoria de log\u00edstica, haver\u00e1 gera\u00e7\u00e3o de emprego e renda na regi\u00e3o\u201d, ressaltou Fernando Marcato.<\/p>\n<p><strong>Desenvolvimento<\/strong><\/p>\n<p>A BR-367 \u00e9 um relevante corredor de transporte tur\u00edstico e tamb\u00e9m de cargas. A rodovia, que tem o maior \u00edndice de reclama\u00e7\u00e3o da popula\u00e7\u00e3o devido \u00e0 m\u00e1 conserva\u00e7\u00e3o, ir\u00e1 passar por interven\u00e7\u00f5es em v\u00e1rios trechos, melhorando o acesso da regi\u00e3o Central ao Jequitinhonha e ao Sul da Bahia, por exemplo.<\/p>\n<p>O prefeito de Capelinha, Tadeuzinho, valorizou o in\u00edcio das obras. \u201cO recapeamento da BR 367 \u00e9 de extrema import\u00e2ncia para n\u00f3s, tendo em vista que nem s\u00f3 de Capelinha, mas de toda a regi\u00e3o, saem ve\u00edculos como vans, \u00f4nibus e ambul\u00e2ncias e enfrentam as estradas que est\u00e3o em situa\u00e7\u00e3o quase intransit\u00e1veis. Agora vamos mudar a hist\u00f3ria da nossa regi\u00e3o. Tornar esta rodovia transit\u00e1vel trar\u00e1 muito mais desenvolvimento\u201d, disse.<\/p>\n<p>O deputado federal Igor Timo tamb\u00e9m ressaltou o desenvolvimento que a obra trar\u00e1 para o Vale do Jequitinhonha. \u201cEsta obra estruturante, muito mais do que qualidade de vida para a popula\u00e7\u00e3o, traz a perspectiva de um desenvolvimento social\u201d, disse.<\/p>\n<p>J\u00e1 deputado estadual Gustavo Valadares falou sobre o momento de retomada do desenvolvimento em Minas Gerais. \u201cEstamos comemorando a volta das obras de infraestrutura no nosso estado, das obras vi\u00e1rias. Esta estrada que estamos investindo \u00e9 fundamental para a nossa regi\u00e3o\u201d, finalizou.<\/p>\n<p>Tamb\u00e9m participaram da cerim\u00f4nia os deputados estaduais Arlen Santiago, Gustavo Santana e Tito Torres, al\u00e9m dos secret\u00e1rios de Estado de\u00a0<a href=\"http:\/\/www.governo.mg.gov.br\/\" target=\"_blank\" rel=\"noopener\">Governo<\/a>, Igor Eto, de\u00a0<a href=\"http:\/\/www.saude.mg.gov.br\/\" target=\"_blank\" rel=\"noopener\">Sa\u00fade<\/a>, F\u00e1bio Baccheretti, e de\u00a0<a href=\"http:\/\/www.sedese.mg.gov.br\/\" target=\"_blank\" rel=\"noopener\">Desenvolvimento Social<\/a>, Elizabeth Juc\u00e1, prefeitos e vereadores da regi\u00e3o e demais autoridades civis, militares e locais.<\/p>\n<p><strong>Trechos<\/strong><\/p>\n<p>A primeira obra, com in\u00edcio imediato, ser\u00e1 no entroncamento para Carbonita \u2013 entroncamento Bocaiuva, com 24,9 quil\u00f4metros de extens\u00e3o. Somente nesta interven\u00e7\u00e3o ser\u00e3o investidos R$ 6,2 milh\u00f5es.<\/p>\n<p>As obras nos outros quatro trechos ter\u00e3o in\u00edcio nos pr\u00f3ximos meses. S\u00e3o elas:<\/p>\n<p>. Entroncamento para Bocai\u00fava \u2013 Couto Magalh\u00e3es de Minas (41 quil\u00f4metros);<br \/>\n. Couto de Magalh\u00e3es \u2013 Diamantina (30,4 quil\u00f4metros);<br \/>\n. Entroncamento para Turmalina \u2013 Entroncamento para BR-451 (60,4 quil\u00f4metros);<br \/>\n. Ara\u00e7ua\u00ed \u2013 Virgem da Lapa (31,2 quil\u00f4metros).<\/p>\n<p><span style=\"font-weight: 400;\">Fonte: Ag\u00eancia Brasil <\/span><\/p>\n<\/div>\n<p><\/main><\/p>\n","protected":false},"excerpt":{"rendered":"<p>O governador Romeu Zema anunciou, nesta quinta-feira (9\/9), em Capelinha, no Vale do Jequitinhonha, obras de recupera\u00e7\u00e3o funcional da BR-367 e em outros trechos rodovi\u00e1rios na regi\u00e3o. As interven\u00e7\u00f5es, aguardadas h\u00e1 muito tempo pela popula\u00e7\u00e3o, v\u00e3o melhorar a mobilidade do tr\u00e1fego entre Minas Gerais e outros estados, favorecendo o desenvolvimento da regi\u00e3o do Jequitinhonha. Ao [&hellip;]<\/p>\n","protected":false},"author":246,"featured_media":188065,"comment_status":"closed","ping_status":"closed","sticky":false,"template":"","format":"standard","meta":{"footnotes":""},"categories":[440,254],"tags":[],"class_list":["post-188064","post","type-post","status-publish","format-standard","has-post-thumbnail","hentry","category-destaques-do-dia","category-politica"],"_links":{"self":[{"href":"https:\/\/diarioregionaldigital.com.br\/index.php?rest_route=\/wp\/v2\/posts\/188064","targetHints":{"allow":["GET"]}}],"collection":[{"href":"https:\/\/diarioregionaldigital.com.br\/index.php?rest_route=\/wp\/v2\/posts"}],"about":[{"href":"https:\/\/diarioregionaldigital.com.br\/index.php?rest_route=\/wp\/v2\/types\/post"}],"author":[{"embeddable":true,"href":"https:\/\/diarioregionaldigital.com.br\/index.php?rest_route=\/wp\/v2\/users\/246"}],"replies":[{"embeddable":true,"href":"https:\/\/diarioregionaldigital.com.br\/index.php?rest_route=%2Fwp%2Fv2%2Fcomments&post=188064"}],"version-history":[{"count":1,"href":"https:\/\/diarioregionaldigital.com.br\/index.php?rest_route=\/wp\/v2\/posts\/188064\/revisions"}],"predecessor-version":[{"id":188066,"href":"https:\/\/diarioregionaldigital.com.br\/index.php?rest_route=\/wp\/v2\/posts\/188064\/revisions\/188066"}],"wp:featuredmedia":[{"embeddable":true,"href":"https:\/\/diarioregionaldigital.com.br\/index.php?rest_route=\/wp\/v2\/media\/188065"}],"wp:attachment":[{"href":"https:\/\/diarioregionaldigital.com.br\/index.php?rest_route=%2Fwp%2Fv2%2Fmedia&parent=188064"}],"wp:term":[{"taxonomy":"category","embeddable":true,"href":"https:\/\/diarioregionaldigital.com.br\/index.php?rest_route=%2Fwp%2Fv2%2Fcategories&post=188064"},{"taxonomy":"post_tag","embeddable":true,"href":"https:\/\/diarioregionaldigital.com.br\/index.php?rest_route=%2Fwp%2Fv2%2Ftags&post=188064"}],"curies":[{"name":"wp","href":"https:\/\/api.w.org\/{rel}","templated":true}]}}