{"id":188061,"date":"2021-09-09T19:34:10","date_gmt":"2021-09-09T22:34:10","guid":{"rendered":"https:\/\/diarioregionaldigital.com.br\/?p=188061"},"modified":"2021-09-09T19:34:10","modified_gmt":"2021-09-09T22:34:10","slug":"consumo-das-familias-em-supermercados-cresce-484-em-julho","status":"publish","type":"post","link":"https:\/\/diarioregionaldigital.com.br\/?p=188061","title":{"rendered":"Consumo das fam\u00edlias em supermercados cresce 4,84% em julho"},"content":{"rendered":"<p>O consumo das fam\u00edlias brasileiras aumentou 4,84% em julho deste ano na compara\u00e7\u00e3o com junho, mas caiu 1,15% ante o mesmo per\u00edodo do ano passado. No acumulado do ano, o \u00edndice foi positivo, ficando em 3,24%. Segundo a Associa\u00e7\u00e3o Brasileira de Supermercados (Abras), a queda mensal foi a segunda do ano, j\u00e1 que em junho o \u00cdndice Nacional de Consumo das Fam\u00edlias nos Lares Brasileiros havia detectado baixa de 0,68% na compara\u00e7\u00e3o com o mesmo m\u00eas de 2020.<\/p>\n<p>Ao comentar hoje (9) o resultado, o vice-presidente institucional da Abras, Marcio Milan, disse que o crescimento mensal pode ser atribu\u00eddo ao pagamento de R$ 5,5 bilh\u00f5es da quarta parcela do Aux\u00edlio Emergencial, que beneficiou 26,7 milh\u00f5es de fam\u00edlias; \u00e0 distribui\u00e7\u00e3o de R$ 1,23 bilh\u00e3o pelo Bolsa Fam\u00edlia para as fam\u00edlias n\u00e3o eleg\u00edveis para a receber tal benef\u00edcio; \u00e0 gera\u00e7\u00e3o de 50.977 postos de trabalho no setor em julho e ao avan\u00e7o da vacina\u00e7\u00e3o contra a covid-19.<\/p>\n<p>Outro fator citado por Milan foi a expans\u00e3o do setor, com a abertura de novas lojas. \u201cEm julho, foram inauguradas 21 lojas, 42 foram reinauguradas e 13 passaram por algum tipo de transforma\u00e7\u00e3o para o melhor atendimento do consumidor\u201d, informou.<\/p>\n<p>O levantamento tamb\u00e9m mostrou que o custo da Cesta Abrasmercado, que inclui 35 produtos de largo consumo (alimentos, cerveja, refrigerante e produtos de higiene), fechou o m\u00eas em R$ 668,55, com acr\u00e9scimo de 0,96% em rela\u00e7\u00e3o a junho. Comparando com julho de 2020, a alta foi de 23,14%.<img decoding=\"async\" src=\"https:\/\/agenciabrasil.ebc.com.br\/ebc.png?id=1421164&amp;o=node\" \/><img decoding=\"async\" src=\"https:\/\/agenciabrasil.ebc.com.br\/ebc.gif?id=1421164&amp;o=node\" \/><\/p>\n<p>A Regi\u00e3o Norte permanece com a cesta mais cara do pa\u00eds, no valor de R$ 752,89 (acumulado de 23,49% nos \u00faltimos 12 meses), seguida pelas regi\u00f5es Sul (R$ 734,10), Sudeste (R$ 640,87), Centro-Oeste (R$ 616,68) e Nordeste (R$ 598,22).<\/p>\n<p>De acordo com a Abras, os produtos que mais encareceram no acumulado de 2021 foram a\u00e7\u00facar, ovo, carne (dianteiro), caf\u00e9, frango congelado, carne (traseiro), leite longa vida e feij\u00e3o foram os itens que mais encareceram. No mesmo per\u00edodo, o pre\u00e7o do arroz, pernil e \u00f3leo de soja caiu. No acumulado dos \u00faltimos 12 meses, o \u00f3leo de soja disparou, com 87,3% de alta, seguido pelo arroz, com 39,8%, carne (dianteiro), com 40,6%, carne (traseiro), com 32,9%, pernil, com 24,8%, frango congelado, com 30,8%, a\u00e7\u00facar, com 32,6%, caf\u00e9, com 17,8%, ovo, com 12,4%, leite longa vida, com 10,9%, e feij\u00e3o, com 5%.<\/p>\n<p>Milan ressaltou que o movimento de pre\u00e7os est\u00e1 ocorrendo em todo o mundo. \u201cNos \u00faltimos 12 meses, identificamos aumento em fun\u00e7\u00e3o da exporta\u00e7\u00e3o de alguns produtos com maior procura e, em fun\u00e7\u00e3o do c\u00e2mbio que foi bastante favor\u00e1vel.&#8221;<\/p>\n<p>Lembrando que o n\u00famero de marcas de qualidade cresceu e que, h\u00e1 valores bem variados, ele recomendou que o consumidor fique atento e pesquise pre\u00e7os. &#8220;Temos de 9 a 12 marcas de arroz e feij\u00e3o no mercado, por exemplo, muitas vezes, em uma mesma loja.\u201d<\/p>\n<p><strong>Caminhoneiros<\/strong><\/p>\n<p>A Associa\u00e7\u00e3o Brasileira de Supermercados descartou o risco de desabastecimento da rede supermercadista em decorr\u00eancia dos protestos de caminhoneiros registrados nas rodovias de 15 estados na manh\u00e3 desta quinta-feira.<\/p>\n<p>A Abras informou que acompanha\u00a0 o monitoramento feito pelo governo federal e a Ag\u00eancia Brasileira de Intelig\u00eancia (Abin), que indica que o movimento j\u00e1 perdeu for\u00e7a e que pode durar mais um ou dois dias no m\u00e1ximo. \u201cO abastecimento e os pre\u00e7os dos supermercados, portanto, n\u00e3o devem ser afetados, e n\u00e3o existe necessidade de antecipa\u00e7\u00e3o de compras por parte do consumidor\u201d, concluiu a associa\u00e7\u00e3o.<\/p>\n<p><span style=\"font-weight: 400;\">Fonte: Ag\u00eancia Brasil <\/span><\/p>\n","protected":false},"excerpt":{"rendered":"<p>O consumo das fam\u00edlias brasileiras aumentou 4,84% em julho deste ano na compara\u00e7\u00e3o com junho, mas caiu 1,15% ante o mesmo per\u00edodo do ano passado. No acumulado do ano, o \u00edndice foi positivo, ficando em 3,24%. Segundo a Associa\u00e7\u00e3o Brasileira de Supermercados (Abras), a queda mensal foi a segunda do ano, j\u00e1 que em junho [&hellip;]<\/p>\n","protected":false},"author":246,"featured_media":188062,"comment_status":"closed","ping_status":"closed","sticky":false,"template":"","format":"standard","meta":{"footnotes":""},"categories":[436,261],"tags":[],"class_list":["post-188061","post","type-post","status-publish","format-standard","has-post-thumbnail","hentry","category-destaque-da-semana","category-economia"],"_links":{"self":[{"href":"https:\/\/diarioregionaldigital.com.br\/index.php?rest_route=\/wp\/v2\/posts\/188061","targetHints":{"allow":["GET"]}}],"collection":[{"href":"https:\/\/diarioregionaldigital.com.br\/index.php?rest_route=\/wp\/v2\/posts"}],"about":[{"href":"https:\/\/diarioregionaldigital.com.br\/index.php?rest_route=\/wp\/v2\/types\/post"}],"author":[{"embeddable":true,"href":"https:\/\/diarioregionaldigital.com.br\/index.php?rest_route=\/wp\/v2\/users\/246"}],"replies":[{"embeddable":true,"href":"https:\/\/diarioregionaldigital.com.br\/index.php?rest_route=%2Fwp%2Fv2%2Fcomments&post=188061"}],"version-history":[{"count":1,"href":"https:\/\/diarioregionaldigital.com.br\/index.php?rest_route=\/wp\/v2\/posts\/188061\/revisions"}],"predecessor-version":[{"id":188063,"href":"https:\/\/diarioregionaldigital.com.br\/index.php?rest_route=\/wp\/v2\/posts\/188061\/revisions\/188063"}],"wp:featuredmedia":[{"embeddable":true,"href":"https:\/\/diarioregionaldigital.com.br\/index.php?rest_route=\/wp\/v2\/media\/188062"}],"wp:attachment":[{"href":"https:\/\/diarioregionaldigital.com.br\/index.php?rest_route=%2Fwp%2Fv2%2Fmedia&parent=188061"}],"wp:term":[{"taxonomy":"category","embeddable":true,"href":"https:\/\/diarioregionaldigital.com.br\/index.php?rest_route=%2Fwp%2Fv2%2Fcategories&post=188061"},{"taxonomy":"post_tag","embeddable":true,"href":"https:\/\/diarioregionaldigital.com.br\/index.php?rest_route=%2Fwp%2Fv2%2Ftags&post=188061"}],"curies":[{"name":"wp","href":"https:\/\/api.w.org\/{rel}","templated":true}]}}