{"id":188058,"date":"2021-09-09T19:32:06","date_gmt":"2021-09-09T22:32:06","guid":{"rendered":"https:\/\/diarioregionaldigital.com.br\/?p=188058"},"modified":"2021-09-09T19:32:06","modified_gmt":"2021-09-09T22:32:06","slug":"ibge-estimativa-de-safra-cai-pelo-quinto-mes-seguido","status":"publish","type":"post","link":"https:\/\/diarioregionaldigital.com.br\/?p=188058","title":{"rendered":"IBGE: estimativa de safra cai pelo quinto m\u00eas seguido"},"content":{"rendered":"<p>Pelo quinto m\u00eas consecutivo, o Instituto Brasileiro de Geografia e Estat\u00edstica (IBGE) reduziu a estimativa para a safra brasileira 2021 de gr\u00e3os, cereais e leguminosas. De acordo com os dados\u00a0de agosto\u00a0do Levantamento Sistem\u00e1tico da Produ\u00e7\u00e3o Agr\u00edcola (LSPA), divulgados\u00a0hoje\u00a0(9), a produ\u00e7\u00e3o deve ficar 1% abaixo da safra de 2020, com 251,7 milh\u00f5es de toneladas, 2,4 milh\u00f5es a menos do que os 254,1 milh\u00f5es de toneladas alcan\u00e7ados na safra recorde do ano passado.<img decoding=\"async\" src=\"https:\/\/agenciabrasil.ebc.com.br\/ebc.png?id=1421170&amp;o=node\" \/><img decoding=\"async\" src=\"https:\/\/agenciabrasil.ebc.com.br\/ebc.gif?id=1421170&amp;o=node\" \/><\/p>\n<p>De acordo com o gerente da pesquisa, Carlos Barradas, entre as causas da queda est\u00e3o a estiagem em algumas partes\u00a0do pa\u00eds, enquanto houve geada em outras regi\u00f5es produtoras no final\u00a0de julho, prejudicando a safra do milho.<\/p>\n<p>\u201cO ano agr\u00edcola, em geral, come\u00e7a em setembro do ano anterior, que \u00e9 quando se inicia o plantio. Por\u00e9m, para plantar, o produtor precisa de que haja umidade no solo e, como houve falta de chuvas nesse per\u00edodo de 2020, esse plantio atrasou muito, sendo iniciado apenas na\u00a0segunda\u00a0quinzena\u00a0de outubro. O que acabou prejudicando o milho segunda\u00a0safra, plantado ap\u00f3s a colheita da soja, que teve sua janela de plantio reduzida, deixando as lavouras mais dependentes do clima.&#8221;<\/p>\n<p>A estimativa de produ\u00e7\u00e3o do milho diminuiu 4,7% na compara\u00e7\u00e3o com julho, totalizando 87,3 milh\u00f5es de toneladas a serem colhidas em 19,6 milh\u00f5es de hectares, um rendimento m\u00e9dio de 4.499 quilos por hectare. Na compara\u00e7\u00e3o com 2020, a previs\u00e3o \u00e9 de uma safra 15,5% menor para o milho, mesmo com o aumentos de 6,8% na \u00e1rea plantada e de 6,2% na \u00e1rea a ser colhida.<\/p>\n<p>Paran\u00e1 e Mato Grosso do Sul registraram geadas no final\u00a0de julho, o que diminuiu da produtividade. O arroz, o milho e a soja s\u00e3o os tr\u00eas principais produtos do Brasil, representando 92,4% da estimativa da produ\u00e7\u00e3o e 87,6% da \u00e1rea a ser colhida no pa\u00eds.<\/p>\n<p><strong>Soja<\/strong><\/p>\n<p>A produ\u00e7\u00e3o de soja segue com estimativas recordes. A colheita j\u00e1 foi conclu\u00edda, com 133,8 milh\u00f5es de toneladas, um aumento de 0,3% em rela\u00e7\u00e3o ao que foi estimado em\u00a0julho e 10,1% a mais do que a safra de 2020, ou 12,2 milh\u00f5es de toneladas. De acordo com Barradas, a cultura se desenvolveu de maneira satisfat\u00f3ria na maioria dos estados, apesar do atraso no plantio.<\/p>\n<p>\u201cAmap\u00e1 e Alagoas foram os estados que mais elevaram suas estimativas em agosto, em 41,3% e 150,6%, respectivamente. J\u00e1 o Piau\u00ed reduziu, em 1,1%, devido aos problemas clim\u00e1ticos ocorridos durante o ciclo da cultura, com queda de 1,9% na produtividade das lavouras, mas, em compara\u00e7\u00e3o com o ano anterior, o estado produziu 10,9% a mais que em 2020\u201d.<\/p>\n<p>O IBGE aponta que a regi\u00e3o chamada de Matopiba v\u00eam expandindo as lavouras de soja. A \u00e1rea plantada teve aumento de 73,4 mil hectares no Piau\u00ed, 46,2 mil hectares no Maranh\u00e3o, 23,5 mil hectares no Tocantins e cerca de 80 mil hectares na Bahia.<\/p>\n<p>Mesmo se mantendo como a regi\u00e3o com a maior produ\u00e7\u00e3o de cereais, leguminosas e oleaginosas do pa\u00eds, com 45,5% do total, o Centro-Oeste reduziu em 6,1% o volume produzido e deve\u00a0ter\u00a0uma safra de 114,4 milh\u00f5es de toneladas. Mato Grosso lidera como o maior produtor entre os estados, com 28,2% do total.<\/p>\n<p><strong>Arroz e feij\u00e3o<\/strong><\/p>\n<p>Segundo o instituto, a produ\u00e7\u00e3o brasileira de feij\u00e3o deve alcan\u00e7ar 2,67 milh\u00f5es de toneladas em 2021, uma redu\u00e7\u00e3o de 7,4% em rela\u00e7\u00e3o ao ano passado, o suficiente para atender no limite ao consumo interno.<\/p>\n<p>A estimativa para a produ\u00e7\u00e3o do arroz \u00e9 de 11,5 milh\u00f5es de toneladas, um aumento de 0,1% em rela\u00e7\u00e3o \u00e0 estimativa\u00a0de julho\u00a0e de 4,3% na compara\u00e7\u00e3o anual.<\/p>\n<p>O caf\u00e9 deve atingir 2,93 milh\u00f5es de toneladas, divididos entre 919,67 mil toneladas de caf\u00e9 canephora e 2,014 milh\u00f5es de toneladas de ar\u00e1bica. A redu\u00e7\u00e3o em rela\u00e7\u00e3o \u00e0 safra do ano passado \u00e9 de 29,6%.<\/p>\n<p><span style=\"font-weight: 400;\">Fonte: Ag\u00eancia Brasil <\/span><\/p>\n","protected":false},"excerpt":{"rendered":"<p>Pelo quinto m\u00eas consecutivo, o Instituto Brasileiro de Geografia e Estat\u00edstica (IBGE) reduziu a estimativa para a safra brasileira 2021 de gr\u00e3os, cereais e leguminosas. De acordo com os dados\u00a0de agosto\u00a0do Levantamento Sistem\u00e1tico da Produ\u00e7\u00e3o Agr\u00edcola (LSPA), divulgados\u00a0hoje\u00a0(9), a produ\u00e7\u00e3o deve ficar 1% abaixo da safra de 2020, com 251,7 milh\u00f5es de toneladas, 2,4 milh\u00f5es [&hellip;]<\/p>\n","protected":false},"author":246,"featured_media":188059,"comment_status":"closed","ping_status":"closed","sticky":false,"template":"","format":"standard","meta":{"footnotes":""},"categories":[436,261],"tags":[],"class_list":["post-188058","post","type-post","status-publish","format-standard","has-post-thumbnail","hentry","category-destaque-da-semana","category-economia"],"_links":{"self":[{"href":"https:\/\/diarioregionaldigital.com.br\/index.php?rest_route=\/wp\/v2\/posts\/188058","targetHints":{"allow":["GET"]}}],"collection":[{"href":"https:\/\/diarioregionaldigital.com.br\/index.php?rest_route=\/wp\/v2\/posts"}],"about":[{"href":"https:\/\/diarioregionaldigital.com.br\/index.php?rest_route=\/wp\/v2\/types\/post"}],"author":[{"embeddable":true,"href":"https:\/\/diarioregionaldigital.com.br\/index.php?rest_route=\/wp\/v2\/users\/246"}],"replies":[{"embeddable":true,"href":"https:\/\/diarioregionaldigital.com.br\/index.php?rest_route=%2Fwp%2Fv2%2Fcomments&post=188058"}],"version-history":[{"count":1,"href":"https:\/\/diarioregionaldigital.com.br\/index.php?rest_route=\/wp\/v2\/posts\/188058\/revisions"}],"predecessor-version":[{"id":188060,"href":"https:\/\/diarioregionaldigital.com.br\/index.php?rest_route=\/wp\/v2\/posts\/188058\/revisions\/188060"}],"wp:featuredmedia":[{"embeddable":true,"href":"https:\/\/diarioregionaldigital.com.br\/index.php?rest_route=\/wp\/v2\/media\/188059"}],"wp:attachment":[{"href":"https:\/\/diarioregionaldigital.com.br\/index.php?rest_route=%2Fwp%2Fv2%2Fmedia&parent=188058"}],"wp:term":[{"taxonomy":"category","embeddable":true,"href":"https:\/\/diarioregionaldigital.com.br\/index.php?rest_route=%2Fwp%2Fv2%2Fcategories&post=188058"},{"taxonomy":"post_tag","embeddable":true,"href":"https:\/\/diarioregionaldigital.com.br\/index.php?rest_route=%2Fwp%2Fv2%2Ftags&post=188058"}],"curies":[{"name":"wp","href":"https:\/\/api.w.org\/{rel}","templated":true}]}}